{"id":439118,"date":"2025-10-04T17:56:13","date_gmt":"2025-10-04T17:56:13","guid":{"rendered":"https:\/\/www.europesays.com\/fr\/439118\/"},"modified":"2025-10-04T17:56:13","modified_gmt":"2025-10-04T17:56:13","slug":"un-homme-mis-en-examen-et-place-en-detention-provisoire","status":"publish","type":"post","link":"https:\/\/www.europesays.com\/fr\/439118\/","title":{"rendered":"un homme mis en examen et plac\u00e9 en d\u00e9tention provisoire"},"content":{"rendered":"<p>            Par<br \/>\n        <strong><br \/>\n            <a href=\"https:\/\/actu.fr\/auteur\/redaction-paris\" title=\"Consulter tous les articles de R\u00e9daction Paris\" target=\"_blank\" rel=\"noopener\">R\u00e9daction Paris<\/a><br \/>\n        <\/strong><\/p>\n<p>        Publi\u00e9 le<\/p>\n<p>            4 oct. 2025 \u00e0 18h40        <\/p>\n<p>L\u2019enqu\u00eate prend de l\u2019\u00e9paisseur. Un <strong>homme de 32\u00a0ans<\/strong> suspect\u00e9 d\u2019avoir <a href=\"https:\/\/actu.fr\/ile-de-france\/paris_75056\/un-homme-tue-par-balle-dans-le-19e-arrondissement-de-paris-pres-de-la-porte-d-aubervilliers_63223464.html\" target=\"_blank\" rel=\"noopener\">tu\u00e9 par balle un jeune homme de 27\u00a0ans en pleine rue<\/a>, dans le 19e arrondissement de <a href=\"https:\/\/actu.fr\/paris\/\" target=\"_blank\" rel=\"noopener\">Paris<\/a>, a \u00e9t\u00e9 <strong>mis en examen<\/strong> et plac\u00e9 en <strong>d\u00e9tention provisoire<\/strong> le 1er\u00a0octobre 2025, a indiqu\u00e9 le parquet \u00e0 actu Paris, confirmant une information r\u00e9v\u00e9l\u00e9e par <a href=\"https:\/\/www.parismatch.com\/actu\/faits-divers\/info-paris-match-un-homme-mis-en-examen-et-incarcere-apres-un-meurtre-dans-le-19e-arrondissement-258062\" target=\"_blank\" rel=\"noopener\">Paris Match<\/a>.<\/p>\n<p>Le suspect aurait \u00e9t\u00e9 incarc\u00e9r\u00e9 \u00e0 la prison de la Sant\u00e9<\/p>\n<p class=\" wall-content\">Dans la nuit du 26 au 27\u00a0septembre, vers 4\u00a0heures, un homme \u00e9tait retrouv\u00e9 en arr\u00eat cardio-respiratoire, rue \u00c9mile-Bollaert, pr\u00e8s de la porte d\u2019Aubervilliers, avec une plaie au niveau du <strong>thorax<\/strong>. D\u2019apr\u00e8s une source polici\u00e8re \u00e0 l\u2019AFP, il s\u2019agissait des traces laiss\u00e9es par l\u2019impact d\u2019une balle r\u00e9elle. Peu de temps apr\u00e8s la d\u00e9couverte, les enqu\u00eateurs ont saisi une <strong>arme \u00e0 poing<\/strong> cach\u00e9 dans un bosquet.<\/p>\n<p class=\" wall-content\">D\u2019apr\u00e8s Paris Match, qui cite le parquet, le suspect a \u00e9t\u00e9 mis en examen du chef \u00ab\u2009d\u2019associations de malfaiteurs en vue de la pr\u00e9paration d\u2019un crime\u2009\u00bb, avant d\u2019\u00eatre incarc\u00e9r\u00e9 \u00e0 <a href=\"https:\/\/actu.fr\/ile-de-france\/paris_75056\/condamnation-de-nicolas-sarkozy-c-est-quoi-cette-prison-vip-a-paris-dont-tout-le-monde-parle_63215076.html\" target=\"_blank\" rel=\"noopener\">la prison de la Sant\u00e9<\/a>, dans le 14e arrondissement de la capitale.<\/p>\n<p class=\" wall-content\">Avec AFP<\/p>\n<p class=\" wall-content\">Personnalisez votre actualit\u00e9 en ajoutant vos villes et m\u00e9dias en favori avec <a href=\"https:\/\/moncompte.actu.fr\" title=\"D\u00e9couvez Mon Actu\" rel=\"nofollow noopener\" data-trk=\"{&quot;cta&quot;:{&quot;action&quot;:&quot;https:\\\/\\\/moncompte.actu.fr&quot;,&quot;category&quot;:&quot;mon compte&quot;,&quot;from&quot;:&quot;article footer&quot;,&quot;name&quot;:&quot;Mon actu&quot;,&quot;type&quot;:&quot;cta&quot;}}\" target=\"_blank\">Mon Actu<\/a>.<\/p>\n","protected":false},"excerpt":{"rendered":"Par R\u00e9daction Paris Publi\u00e9 le 4 oct. 2025 \u00e0 18h40 L\u2019enqu\u00eate prend de l\u2019\u00e9paisseur. Un homme de 32\u00a0ans&hellip;\n","protected":false},"author":2,"featured_media":439119,"comment_status":"","ping_status":"","sticky":false,"template":"","format":"standard","meta":{"footnotes":""},"categories":[1888],"tags":[11,1777,674,118,1011,27,303,777,12,626,1072,25],"class_list":{"0":"post-439118","1":"post","2":"type-post","3":"status-publish","4":"format-standard","5":"has-post-thumbnail","7":"category-paris","8":"tag-actualites","9":"tag-eu","10":"tag-europe","11":"tag-faits-divers","12":"tag-fr","13":"tag-france","14":"tag-justice","15":"tag-meurtre","16":"tag-news","17":"tag-paris","18":"tag-police","19":"tag-republique-francaise"},"share_on_mastodon":{"url":"","error":""},"_links":{"self":[{"href":"https:\/\/www.europesays.com\/fr\/wp-json\/wp\/v2\/posts\/439118","targetHints":{"allow":["GET"]}}],"collection":[{"href":"https:\/\/www.europesays.com\/fr\/wp-json\/wp\/v2\/posts"}],"about":[{"href":"https:\/\/www.europesays.com\/fr\/wp-json\/wp\/v2\/types\/post"}],"author":[{"embeddable":true,"href":"https:\/\/www.europesays.com\/fr\/wp-json\/wp\/v2\/users\/2"}],"replies":[{"embeddable":true,"href":"https:\/\/www.europesays.com\/fr\/wp-json\/wp\/v2\/comments?post=439118"}],"version-history":[{"count":0,"href":"https:\/\/www.europesays.com\/fr\/wp-json\/wp\/v2\/posts\/439118\/revisions"}],"wp:featuredmedia":[{"embeddable":true,"href":"https:\/\/www.europesays.com\/fr\/wp-json\/wp\/v2\/media\/439119"}],"wp:attachment":[{"href":"https:\/\/www.europesays.com\/fr\/wp-json\/wp\/v2\/media?parent=439118"}],"wp:term":[{"taxonomy":"category","embeddable":true,"href":"https:\/\/www.europesays.com\/fr\/wp-json\/wp\/v2\/categories?post=439118"},{"taxonomy":"post_tag","embeddable":true,"href":"https:\/\/www.europesays.com\/fr\/wp-json\/wp\/v2\/tags?post=439118"}],"curies":[{"name":"wp","href":"https:\/\/api.w.org\/{rel}","templated":true}]}}