{"id":439122,"date":"2025-10-04T17:58:16","date_gmt":"2025-10-04T17:58:16","guid":{"rendered":"https:\/\/www.europesays.com\/fr\/439122\/"},"modified":"2025-10-04T17:58:16","modified_gmt":"2025-10-04T17:58:16","slug":"comment-moscou-mene-sa-guerre-hybride-en-estonie","status":"publish","type":"post","link":"https:\/\/www.europesays.com\/fr\/439122\/","title":{"rendered":"comment Moscou m\u00e8ne sa guerre hybride en Estonie"},"content":{"rendered":"\n<p>Des griffes de l\u2019ours s\u2019envole une armada de drones Shahed (ou Geran). Sans nul doute en direction de l\u2019Europe. <a class=\"ithalc\" data-ithal=\"lien_externe\" data-ithalc=\"[nav_article]\" target=\"_blank\" href=\"https:\/\/www.theguardian.com\/world\/2025\/sep\/27\/estonia-city-mayoral-election-moscow-threat\" rel=\"noopener\"><strong>The Guardian Weekly<\/strong> a fait le choix<\/a> de consacrer la couverture de son \u00e9dition du 3\u00a0octobre \u00e0 la nouvelle menace que fait peser la Russie sur ses voisins europ\u00e9ens, alors que les vols de drones suspects dans les espaces a\u00e9riens de pays membres de l\u2019Otan se multiplient. Apr\u00e8s la Pologne, la Roumanie et le Danemark, c\u2019est au tour de l\u2019Allemagne et de la Belgique d\u2019en signaler.<\/p>\n<p>                                      <a href=\"https:\/\/focus.courrierinternational.com\/2022\/11\/15\/0\/0\/2000\/1431\/1280\/0\/60\/0\/2fadb3a_1668525385976-map-estonie.png\" data-pswp-width=\"1280\" data-pswp-height=\"916\" target=\"_blank\" rel=\"noopener\">      <img decoding=\"async\" loading=\"lazy\" onerror=\"this.classList.add(`img--error`)\" src=\"https:\/\/www.europesays.com\/fr\/wp-content\/uploads\/2025\/10\/2fadb3a_1668525385976-map-estonie.png\"  width=\"640\" height=\"458\" alt=\"L\u2019Estonie.\"\/>     <\/a>      L\u2019Estonie.   Courrier international               <\/p>\n<p>Pour illustrer cette menace, l\u2019\u00e9dition hebdomadaire du grand quotidien londonien a d\u00e9p\u00each\u00e9 un de ses reporters \u00e0 Narva, en Estonie, \u201csur la ligne de front de la guerre hybride russe contre l\u2019Europe\u201d. Quelques jours plus t\u00f4t, trois Mig russes \u00e9taient entr\u00e9s dans l\u2019espace a\u00e9rien du pays Balte avant d\u2019\u00eatre escort\u00e9s par des chasseurs italiens jusqu\u2019\u00e0 l\u2019enclave de Kaliningrad. \u201cL\u2019incursion russe dans l\u2019espace a\u00e9rien estonien et son implication pr\u00e9sum\u00e9e dans les survols de drones constituent certes un test pour l\u2019Otan mais, ici, elles repr\u00e9sentent aussi quelque chose de plus.\u201d<\/p>\n<p>\u00c0 savoir un test pour l\u2019unit\u00e9 du pays, qui abrite toujours de vastes communaut\u00e9s russophones. C\u2019est le cas \u00e0 Narva, qui est plus proche de Saint-P\u00e9tersbourg que de Tallinn et o\u00f9 \u201c98\u00a0% des 53\u00a0000\u00a0habitants sont d\u2019abord russophones\u201d. Or les Estoniens se rendront aux urnes, le 19\u00a0octobre, pour des \u00e9lections municipales. \u00c0 Narva, s\u00e9par\u00e9e par une rivi\u00e8re de 100\u00a0m\u00e8tres de large de la Russie, les divisions au sein de la population sont profondes, constate le journaliste du Guardian. Et attis\u00e9es par \u201cles provocations russes\u201d, comme le d\u00e9plore Egert Belitsev, \u00e0 la t\u00eate des gardes-fronti\u00e8res estoniens.<\/p>\n<p>                    Dirigeables, migrants, brouillage GPS       <\/p>\n<p>Parmi elles, liste le Guardian, \u201cdes dirigeables de surveillance surgissent dans le ciel, des demandeurs d\u2019asile suivis par des gardes-fronti\u00e8res russes \u00e9quip\u00e9s de cam\u00e9ras ont \u00e9t\u00e9 dirig\u00e9s sur le pont [qui s\u00e9pare les deux pays] (puis repouss\u00e9s par les gardes estoniens), les signaux GPS ont \u00e9t\u00e9 brouill\u00e9s, les bou\u00e9es dans la rivi\u00e8re d\u00e9limitant la fronti\u00e8re ont \u00e9t\u00e9 retir\u00e9es\u201d.<\/p>\n<p>\u201cC\u2019est pour semer la pagaille, pour voir comment nous r\u00e9agissons\u201d, estime Egert Belitsev.<\/p>\n<blockquote><p>\u201cJusqu\u2019o\u00f9 sommes-nous pr\u00eats \u00e0 aller\u00a0? Que sommes-nous capables de faire\u00a0?\u201d<\/p><\/blockquote>\n<p>Chaque r\u00e9action des autorit\u00e9s estoniennes est pr\u00e9sent\u00e9e par les propagandistes du Kremlin comme \u00e9tant militariste, belliqueuse et une atteinte aux droits des russophones de Narva, reprend le Guardian. Le ministre de l\u2019Int\u00e9rieur Igor Taro explique que, depuis l\u2019invasion de l\u2019Ukraine, son gouvernement s\u2019\u00e9chine \u00e0 faire barrage \u00e0 l\u2019influence russe dans le pays.<\/p>\n<p>Une loi a \u00e9t\u00e9 adopt\u00e9e pour fermer les \u00e9coles russophones d\u2019ici \u00e0 2030. Quelque 400\u00a0monuments sovi\u00e9tiques ont \u00e9t\u00e9 d\u00e9boulonn\u00e9s. <a href=\"https:\/\/www.courrierinternational.com\/article\/en-estonie-l-eglise-orthodoxe-doit-couper-ses-liens-avec-moscou-sous-peine-de-proces_229961\" target=\"_blank\" rel=\"noopener\">Une loi visant \u00e0 s\u00e9parer l\u2019\u00c9glise orthodoxe russe d\u2019Estonie du patriarcat de Moscou<\/a> a \u00e9t\u00e9 adopt\u00e9e en avril. Fin septembre, un habitant de Narva a \u00e9t\u00e9 condamn\u00e9 pour espionnage au profit du FSB.<\/p>\n<p>Le gouvernement estonien a tir\u00e9 les le\u00e7ons de l\u2019exp\u00e9rience ukrainienne, o\u00f9 des militants politiques ont servi de fer de lance dans les r\u00e9publiques s\u00e9paratistes de Donetsk et de Louhansk, souligne Igor Taro. \u201cC\u2019est ce que nous essayons d\u2019\u00e9viter ici.\u00a0Ils essaient de faire pareil. Ils pr\u00e9parent le terrain, dans la guerre de l\u2019information et dans tous les domaines, mais nous prenons les mesures n\u00e9cessaires pour les en emp\u00eacher.\u201d <\/p>\n","protected":false},"excerpt":{"rendered":"Des griffes de l\u2019ours s\u2019envole une armada de drones Shahed (ou Geran). Sans nul doute en direction de&hellip;\n","protected":false},"author":2,"featured_media":439123,"comment_status":"","ping_status":"","sticky":false,"template":"","format":"standard","meta":{"footnotes":""},"categories":[1591],"tags":[11,2024,1909,674,1887,1892,131,12,2476,1885,1886,132,51974,220,22336],"class_list":{"0":"post-439122","1":"post","2":"type-post","3":"status-publish","4":"format-standard","5":"has-post-thumbnail","7":"category-russie","8":"tag-actualites","9":"tag-drones","10":"tag-estonie","11":"tag-europe","12":"tag-federation-de-russie","13":"tag-gu00e9opolitique","14":"tag-guerre-en-ukraine","15":"tag-news","16":"tag-politique-de-du00e9fense","17":"tag-russia","18":"tag-russian-federation","19":"tag-russie","20":"tag-tensions-russie-europe","21":"tag-ukraine","22":"tag-une-du-jour"},"share_on_mastodon":{"url":"https:\/\/pubeurope.com\/@fr\/115317199310959508","error":""},"_links":{"self":[{"href":"https:\/\/www.europesays.com\/fr\/wp-json\/wp\/v2\/posts\/439122","targetHints":{"allow":["GET"]}}],"collection":[{"href":"https:\/\/www.europesays.com\/fr\/wp-json\/wp\/v2\/posts"}],"about":[{"href":"https:\/\/www.europesays.com\/fr\/wp-json\/wp\/v2\/types\/post"}],"author":[{"embeddable":true,"href":"https:\/\/www.europesays.com\/fr\/wp-json\/wp\/v2\/users\/2"}],"replies":[{"embeddable":true,"href":"https:\/\/www.europesays.com\/fr\/wp-json\/wp\/v2\/comments?post=439122"}],"version-history":[{"count":0,"href":"https:\/\/www.europesays.com\/fr\/wp-json\/wp\/v2\/posts\/439122\/revisions"}],"wp:featuredmedia":[{"embeddable":true,"href":"https:\/\/www.europesays.com\/fr\/wp-json\/wp\/v2\/media\/439123"}],"wp:attachment":[{"href":"https:\/\/www.europesays.com\/fr\/wp-json\/wp\/v2\/media?parent=439122"}],"wp:term":[{"taxonomy":"category","embeddable":true,"href":"https:\/\/www.europesays.com\/fr\/wp-json\/wp\/v2\/categories?post=439122"},{"taxonomy":"post_tag","embeddable":true,"href":"https:\/\/www.europesays.com\/fr\/wp-json\/wp\/v2\/tags?post=439122"}],"curies":[{"name":"wp","href":"https:\/\/api.w.org\/{rel}","templated":true}]}}