{"id":439128,"date":"2025-10-04T18:01:12","date_gmt":"2025-10-04T18:01:12","guid":{"rendered":"https:\/\/www.europesays.com\/fr\/439128\/"},"modified":"2025-10-04T18:01:12","modified_gmt":"2025-10-04T18:01:12","slug":"qui-est-nigel-farage-le-trump-britannique-dont-le-nom-circule-pour-le-poste-de-premier-ministre","status":"publish","type":"post","link":"https:\/\/www.europesays.com\/fr\/439128\/","title":{"rendered":"Qui est Nigel Farage, le \u00ab\u00a0Trump britannique\u00a0\u00bb dont le nom circule pour le poste de Premier ministre\u00a0?"},"content":{"rendered":"<p>Il y a trois ans, il arrivait \u00e0 peine \u00e0 d\u00e9passer les 3\u00a0% d&rsquo;intentions de vote. Depuis, sondage apr\u00e8s sondage, il monte. Le dernier en date, men\u00e9 par YouGov et publi\u00e9 le 26\u00a0septembre dernier, accorde \u00e0 son parti Reform UK\u00a0311\u00a0si\u00e8ges \u00e0 la Chambre des communes en cas d&rsquo;\u00e9lection prochaine. Pour obtenir une majorit\u00e9, il ne lui en faudrait que\u00a015\u00a0de plus. Un autre sondage, r\u00e9alis\u00e9 par le think tank More in Common aupr\u00e8s de quelque 20\u00a0000 personnes, assurait tout r\u00e9cemment qu&rsquo;il pourrait \u00eatre \u00e9lu Premier ministre avec\u00a0373\u00a0d\u00e9put\u00e9s si les \u00e9lections avaient lieu prochainement. Pourtant, pour l&rsquo;instant, Nigel Farage ne compte que cinq d\u00e9put\u00e9s de son parti au Parlement.<\/p>\n<p>Ce score hypoth\u00e9tique (les \u00e9lections g\u00e9n\u00e9rales ne se tiendront pas avant 2029) est historique, quand on conna\u00eet le bipartisme qui a toujours r\u00e9gi la vie politique britannique, traditionnellement divis\u00e9e entre les travaillistes et les conservateurs. Pour Luke Tryl, directeur du\u00a0laboratoire d&rsquo;id\u00e9es et d&rsquo;action\u00a0More in Common, qui s&rsquo;est confi\u00e9 au<a class=\"Link\" href=\"https:\/\/www.thetimes.com\/uk\/politics\/article\/mrp-polling-reform-majority-labour-next-general-election-bzt5mpmn6\" target=\"_blank\" title=\"\" data-gtm=\"click:capsule\" data-capsule=\"Lien\" rel=\"nofollow noopener\">Times<\/a>, \u00ab\u00a0Nigel Farage a compl\u00e8tement boulevers\u00e9 la carte politique britannique\u00a0\u00bb. Et d&rsquo;ajouter\u00a0: \u00ab\u00a0De seulement cinq si\u00e8ges lors des derni\u00e8res \u00e9lections, notre sondage sugg\u00e8re que, lors des \u00e9lections de demain, son parti obtiendrait une majorit\u00e9 proche de\u00a0100\u00a0si\u00e8ges. Dans le m\u00eame temps, le Parti travailliste passerait d&rsquo;une majorit\u00e9 \u00e0 trois chiffres \u00e0 un niveau historiquement bas, inf\u00e9rieur \u00e0\u00a0100\u00a0si\u00e8ges, et les conservateurs perdraient leur importance politique.\u00a0\u00bb<\/p>\n<p>En cause\u00a0: une focalisation sur certaines th\u00e9matiques, comme les \u00ab\u00a0\u00e9checs per\u00e7us en mati\u00e8re d&rsquo;immigration\u00a0\u00bb ou le co\u00fbt de la vie, qui ont compromis le d\u00e9but de mandat du Parti travailliste. D&rsquo;apr\u00e8s un autre sondage, r\u00e9alis\u00e9 par More in Common, 33\u00a0% des Britanniques citent l&rsquo;incapacit\u00e9 \u00e0 stopper les bateaux de migrants comme le principal \u00e9chec du gouvernement actuel, suivie par son inaptitude\u00a0\u00e0 r\u00e9gler le co\u00fbt de la vie (29\u00a0%).<\/p>\n<p>Populiste d&rsquo;extr\u00eame droite<\/p>\n<p>Car Nigel Farage a trouv\u00e9 en ce qu&rsquo;il consid\u00e8re \u00eatre comme \u00ab\u00a0le fl\u00e9au de l&rsquo;immigration\u00a0\u00bb la racine de tous les maux. Persuad\u00e9 que l&rsquo;Angleterre est victime d&rsquo;une \u00ab\u00a0invasion\u00a0\u00bb par celles et ceux qui traversent la Manche sur des bateaux pneumatiques, il assurait encore le 26\u00a0ao\u00fbt, lors d&rsquo;un discours, que le pays n&rsquo;\u00e9tait \u00ab\u00a0pas loin de troubles civils majeurs\u00a0\u00bb. Au <a class=\"Link\" href=\"https:\/\/www.telegraph.co.uk\/politics\/2025\/08\/25\/farage-starmer-sides-international-courts-british-people\/\" target=\"_blank\" title=\"\" data-gtm=\"click:capsule\" data-capsule=\"Lien\" rel=\"nofollow noopener\">Daily Telegraph<\/a>, il mart\u00e8le\u00a0: \u00ab\u00a0Il n&rsquo;existe qu&rsquo;une seule fa\u00e7on d&#8217;emp\u00eacher les personnes d&rsquo;entrer ill\u00e9galement au <a class=\"Link\" href=\"https:\/\/www.lepoint.fr\/tags\/royaume-uni\" data-gtm=\"click:capsule\" data-capsule=\"Lien\" rel=\"nofollow noopener\" target=\"_blank\">Royaume-Uni<\/a>, c&rsquo;est de les d\u00e9tenir et de les expulser.\u00a0\u00bb S&rsquo;il \u00e9tait \u00e9lu Premier ministre, il expulserait \u00ab\u00a0entre 500\u00a0000\u00a0et 600\u00a0000\u00a0\u00bb demandeurs d&rsquo;asile\u00a0gr\u00e2ce \u00e0 des mesures drastiques.<\/p>\n<p>En conf\u00e9rence de presse, l&rsquo;homme politique a \u00e9tal\u00e9\u00a0ses pistes pour y parvenir\u00a0: construction de centres de d\u00e9tention\u00a0d&rsquo;une capacit\u00e9 de 24\u00a0000 captifs (qui y resteraient de mani\u00e8re permanente et irr\u00e9versible jusqu&rsquo;\u00e0 leur expulsion), utilisation de\u00a02\u00a0milliards de livres (environ 2,3\u00a0milliards d&rsquo;euros) d&rsquo;argent public pour encourager certains pays \u00e0 accepter de r\u00e9cup\u00e9rer leurs ressortissants\u2026<\/p>\n<p>Il pr\u00e9voit \u00e9galement de sortir de la Convention europ\u00e9enne des droits de l&rsquo;homme (CEDH) pour s&rsquo;affranchir du droit international, mais aussi de \u00ab\u00a0d\u00e9sappliquer\u00a0\u00bb la convention relative aux r\u00e9fugi\u00e9s, la convention du Conseil de l&rsquo;Europe sur la lutte contre la traite des \u00eatres humains, la convention des Nations unies contre la torture et le pacte international des Nations unies relatif aux droits civils et politiques.<\/p>\n<p>Ce n&rsquo;est pas tout\u00a0: Nigel Farage mise \u00e9galement sur une loi sp\u00e9ciale, l&rsquo;Illegal Migration Mass Deportation Act, qui p\u00e9renniserait ses politiques en mati\u00e8re d&rsquo;immigration au-del\u00e0 de son (\u00e9ventuel) mandat \u2013 en cr\u00e9ant purement et simplement l&rsquo;obligation, pour tout ministre de l&rsquo;Int\u00e9rieur \u00e0 venir, de renvoyer les migrants clandestins, et ce, quelles que soient ses convictions politiques.<\/p>\n<p>Pas assez radical pour Musk<\/p>\n<p>Des discours qui infusent dans la soci\u00e9t\u00e9 britannique\u00a0: tout l&rsquo;\u00e9t\u00e9, <a class=\"Link\" href=\"https:\/\/www.lepoint.fr\/monde\/keep-britain-white-qui-attise-la-colere-antimigrants-au-royaume-uni-05-09-2025-2597815_24.php\" title=\"\" data-gtm=\"click:capsule\" data-capsule=\"Lien\" rel=\"nofollow noopener\" target=\"_blank\">la vague anti-immigration<\/a>, lanc\u00e9e apr\u00e8s qu&rsquo;un demandeur d&rsquo;asile a \u00e9t\u00e9 inculp\u00e9 pour des agressions sexuelles, a d\u00e9ferl\u00e9 sur Londres et sur l&rsquo;Angleterre. \u00ab\u00a0Keep Britain white. Keep Scotland white\u00a0\u00bb, \u00ab\u00a0Stop the boats\u00a0\u00bb, \u00ab\u00a0Enough is enough\u00a0\u00bb\u2026 Aux slogans univoques se sont ajout\u00e9s les drapeaux anglais et la croix de saint Georges.<\/p>\n<p>L&rsquo;\u00e9t\u00e9 dernier, le pays s&rsquo;\u00e9tait aussi embras\u00e9 au cours d&rsquo;\u00e9meutes racistes. Le tout, pouss\u00e9 par Reform UK, et d&rsquo;autres partis, comme Homeland, Patriotic Alternative\u00a0ou encore le British National Party. Mais aussi par le gouvernement travailliste actuel, qui, pour contrer la mont\u00e9e de l&rsquo;extr\u00eame droite, joue sur son terrain et r\u00e9prime de plus en plus durement l&rsquo;immigration \u2013 ce jeudi 2\u00a0octobre, Keir Starmer a annonc\u00e9 un plan pour mettre fin \u00e0 un m\u00e9canisme permettant aux membres des familles de r\u00e9fugi\u00e9s d\u00e9j\u00e0 install\u00e9s dans le pays de les rejoindre.<\/p>\n<p>Pourtant, l&rsquo;homme, souvent pr\u00e9sent\u00e9 comme le \u00ab\u00a0Trump britannique\u00a0\u00bb, n&rsquo;est pas suffisamment radical aux yeux d&rsquo;un certain Elon Musk. Sur X, le patron de Tesla tweetait le 26\u00a0ao\u00fbt que \u00ab\u00a0Farage est un faible qui ne fera rien\u00a0\u00bb. L&rsquo;entrepreneur parie plut\u00f4t sur Advance UK, \u00e9manation de Reform UK, soutenu\u00a0par le militant d&rsquo;extr\u00eame droite Tommy Robinson.<\/p>\n<p>All\u00e9es et venues en politique<\/p>\n<p>En captant et en amplifiant ces discours, Nigel Farage mise sur la Middle Britain, cette classe moyenne \u2013 et souvent propri\u00e9taire \u2013 des petites villes britanniques, mod\u00e9r\u00e9e \u00e0 conservatrice, attach\u00e9e \u00e0 l&rsquo;ordre et \u00e0 la stabilit\u00e9. Un \u00e9lectorat qui le suit dans ses discours alarmistes anti-immigration, mais aussi sur le ralentissement de la croissance et\u00a0\u00e9galement\u00a0sur la r\u00e9duction de la libert\u00e9 d&rsquo;expression et la pr\u00e9tendue mont\u00e9e de la censure.<\/p>\n<p>Un \u00e9lectorat qui n&rsquo;a pas toujours \u00e9t\u00e9 fid\u00e8le \u00e0 ce fumeur inv\u00e9t\u00e9r\u00e9 de 61\u00a0ans\u00a0: Nigel Farage a, pendant de nombreuses ann\u00e9es, entretenu une relation amour-haine avec la politique, qu&rsquo;il a quitt\u00e9e un nombre incalculable de fois avant, toujours, d&rsquo;y revenir. Celui qui a surv\u00e9cu \u00e0 un accident d&rsquo;avion est parvenu \u00e0 tenir bon \u00e0 quelque six dirigeants conservateurs. Ancien des services financiers de la City, o\u00f9 il fut\u00a0courtier en commodit\u00e9s au London Metal Exchange, de passage par la banque am\u00e9ricaine Drexel Burnham Lambert, puis par Cr\u00e9dit Lyonnais Rouse.<\/p>\n<p>Membre du Parti conservateur, il le quitte en\u00a01992\u00a0en raison du soutien de celui-ci au trait\u00e9 de Maastricht sur l&rsquo;Union europ\u00e9enne. L&rsquo;ann\u00e9e suivante, en 1993, il cofonde le Parti pour l&rsquo;ind\u00e9pendance du Royaume-Uni (Ukip), formation europhobe et anti-immigration. Sous cette banni\u00e8re, il est \u00e9lu au Parlement europ\u00e9en en 1999, 2004,\u00a02009\u00a0et 2014. En 2006, il devient pr\u00e9sident de l&rsquo;Ukip avec 44\u00a0% des voix, sur la promesse d&rsquo;en\u00a0faire un v\u00e9ritable parti d&rsquo;opposition traitant \u00e9galement des sujets nationaux. Il quitte le groupe en 2009, puis le r\u00e9int\u00e8gre en 2010. En 2016, il quitte de nouveau l&rsquo;Ukip\u00a0pour fonder le Parti du Brexit, puis, finalement, Reform UK.<\/p>\n<p>Soutenu par les fonds d&rsquo;investissement<\/p>\n<p>\n\u00c0 D\u00e9couvrir<br \/>\n<strong class=\"discover-kangourou__line\"><br \/>\n<img decoding=\"async\" class=\"discover-kangourou__img\" src=\"https:\/\/static.lpnt.fr\/static\/img\/kangourou\/kangourou_filled.svg\"\/><br \/>\n<strong class=\"discover-kangourou__txt\"><br \/>\n<strong>Le Kangourou du jour<\/strong><br \/>\n<a href=\"https:\/\/kangourou.lepoint.fr\" title=\"kangourou\" data-gtm-cta=\"kangourou_article\" class=\"discover-kangourou__lnk\" rel=\"nofollow noopener\" target=\"_blank\"><br \/>\nR\u00e9pondre<br \/>\n<\/a><br \/>\n<\/strong><br \/>\n<\/strong><br \/>\nEn 2015, les fonds sp\u00e9culatifs commencent \u00e0 s&rsquo;int\u00e9resser au personnage\u00a0et <a class=\"Link\" href=\"https:\/\/www.lepoint.fr\/economie\/nigel-farage-le-meilleur-ami-des-hedge-funds-15-01-2015-1896666_28.php\" title=\"\" data-gtm=\"click:capsule\" data-capsule=\"Lien\" rel=\"nofollow noopener\" target=\"_blank\">\u00e0 le financer<\/a>. Un document interne de l&rsquo;Ukip le reconna\u00eet alors\u00a0: \u00ab\u00a0La cl\u00e9\u00a0de notre succ\u00e8s financier, c&rsquo;est l&rsquo;industrie des hedge funds.\u00a0\u00bb Le parti populiste parvient m\u00eame \u00e0 d\u00e9penser davantage que l&rsquo;opposition travailliste lors des \u00e9lections europ\u00e9ennes, qu&rsquo;elle avait remport\u00e9es.<\/p>\n<p>Bien qu&rsquo;allant \u00e0 l&rsquo;encontre des valeurs de l&rsquo;Ukip, qui se positionnait contre la City, ces financements des hedge funds \u00e9taient bien utiles \u00e0 la formation. \u00c0 l&rsquo;inverse, les fonds sp\u00e9culatifs, ce faisant, pariaient sur un d\u00e9tachement progressif de l&rsquo;Union europ\u00e9enne, responsable \u00e0 leurs yeux d&rsquo;une trop forte r\u00e9glementation les emp\u00eachant de sp\u00e9culer sans limites.<\/p>\n<p>Toute l\u2019actualit\u00e9 \u00e0 1\u20ac le premier mois<\/p>\n<p><a href=\"https:\/\/abo.lepoint.fr\/?provenance=21EDI020098\" class=\"btn\" title=\"S&#039;abonner\" data-gtm=\"click:abo|display:abo\" data-campaign=\"paywall_maison\" rel=\"nofollow noopener\" target=\"_blank\">S&rsquo;abonner<\/a><\/p>\n<p>ou<\/p>\n","protected":false},"excerpt":{"rendered":"Il y a trois ans, il arrivait \u00e0 peine \u00e0 d\u00e9passer les 3\u00a0% d&rsquo;intentions de vote. Depuis, sondage&hellip;\n","protected":false},"author":2,"featured_media":439129,"comment_status":"","ping_status":"","sticky":false,"template":"","format":"standard","meta":{"footnotes":""},"categories":[1588],"tags":[11,1777,674,12,10669,473,1853,1851,1850,1852],"class_list":{"0":"post-439128","1":"post","2":"type-post","3":"status-publish","4":"format-standard","5":"has-post-thumbnail","7":"category-royaume-uni","8":"tag-actualites","9":"tag-eu","10":"tag-europe","11":"tag-news","12":"tag-nigel-farage","13":"tag-royaume-uni","14":"tag-royaume-uni-de-grande-bretagne-et-dirlande-du-nord","15":"tag-uk","16":"tag-united-kingdom","17":"tag-united-kingdom-of-great-britain-and-northern-ireland"},"share_on_mastodon":{"url":"https:\/\/pubeurope.com\/@fr\/115317210634515231","error":""},"_links":{"self":[{"href":"https:\/\/www.europesays.com\/fr\/wp-json\/wp\/v2\/posts\/439128","targetHints":{"allow":["GET"]}}],"collection":[{"href":"https:\/\/www.europesays.com\/fr\/wp-json\/wp\/v2\/posts"}],"about":[{"href":"https:\/\/www.europesays.com\/fr\/wp-json\/wp\/v2\/types\/post"}],"author":[{"embeddable":true,"href":"https:\/\/www.europesays.com\/fr\/wp-json\/wp\/v2\/users\/2"}],"replies":[{"embeddable":true,"href":"https:\/\/www.europesays.com\/fr\/wp-json\/wp\/v2\/comments?post=439128"}],"version-history":[{"count":0,"href":"https:\/\/www.europesays.com\/fr\/wp-json\/wp\/v2\/posts\/439128\/revisions"}],"wp:featuredmedia":[{"embeddable":true,"href":"https:\/\/www.europesays.com\/fr\/wp-json\/wp\/v2\/media\/439129"}],"wp:attachment":[{"href":"https:\/\/www.europesays.com\/fr\/wp-json\/wp\/v2\/media?parent=439128"}],"wp:term":[{"taxonomy":"category","embeddable":true,"href":"https:\/\/www.europesays.com\/fr\/wp-json\/wp\/v2\/categories?post=439128"},{"taxonomy":"post_tag","embeddable":true,"href":"https:\/\/www.europesays.com\/fr\/wp-json\/wp\/v2\/tags?post=439128"}],"curies":[{"name":"wp","href":"https:\/\/api.w.org\/{rel}","templated":true}]}}