{"id":439132,"date":"2025-10-04T18:03:23","date_gmt":"2025-10-04T18:03:23","guid":{"rendered":"https:\/\/www.europesays.com\/fr\/439132\/"},"modified":"2025-10-04T18:03:23","modified_gmt":"2025-10-04T18:03:23","slug":"pogacar-evenepoel-et-vingegaard-dans-leurostar","status":"publish","type":"post","link":"https:\/\/www.europesays.com\/fr\/439132\/","title":{"rendered":"Pogacar, Evenepoel et Vingegaard dans l\u2019Eurostar"},"content":{"rendered":"<p>Dans l\u2019histoire encore jeune des \u00ab\u00a0Europe\u00a0\u00bb, que les coureurs professionnels disputent seulement depuis 2016, c\u2019est incontestablement le plateau le plus all\u00e9chant qu\u2019on ait jamais vu. De nombreux cadors conf\u00e8rent un glamour nouveau \u00e0 une comp\u00e9tition souvent n\u00e9glig\u00e9e et r\u00e9serv\u00e9e aux sprinteurs comme en t\u00e9moigne la liste des vainqueurs, de Peter Sagan en 2016 au tenant du titre Tim Merlier.<\/p>\n<p>Si Pogacar estime que l\u2019Euro reste \u00ab\u00a0moins important que les grandes classiques qui ont l\u2019histoire et la tradition avec elles\u00a0\u00bb, il trouve tout de m\u00eame \u00ab\u00a0sp\u00e9cial\u00a0\u00bb de pouvoir conqu\u00e9rir un nouveau maillot distinctif \u2013 blanc \u00e0 bandes bleues avec des \u00e9toiles \u2013 m\u00eame s\u2019il ne le porterait pas en course s\u2019il gagne puisqu\u2019il a d\u00e9j\u00e0 celui de champion du monde.<\/p>\n<p>Un nouveau \u00ab\u00a0Pogi show\u00a0\u00bb\u00a0?<\/p>\n<p>Le vainqueur aura du m\u00e9rite, vu la densit\u00e9 de stars qui, pour la plupart hormis Vingegaard, ont d\u00e9j\u00e0 particip\u00e9 aux <a target=\"_self\" href=\"https:\/\/www.lanouvellerepublique.fr\/a-la-une\/mondiaux-pogacar-conserve-son-titre-de-champion-du-monde-apres-une-attaque-de-plus-de-100-km-de-l-arrivee-1759071190\" rel=\"nofollow noopener\">championnats du monde dimanche 28\u00a0septembre au Rwanda<\/a>. La proximit\u00e9 des deux rendez-vous a d\u2019ailleurs fait grincer des dents. \u00ab\u00a0Oui, soyons honn\u00eates, on se demande un peu o\u00f9 est la logique\u00a0\u00bb, abonde Thomas Voeckler qui trouve \u00ab\u00a0d\u2019autant plus dommage que \u00e7a s\u2019adresse \u00e0 la m\u00eame cat\u00e9gorie de coureurs\u00a0\u00bb, c\u2019est-\u00e0-dire des puncheurs-grimpeurs sur un parcours vallonn\u00e9 de 202\u00a0km.<\/p>\n<p>Le trac\u00e9 en boucle est plus court et moins dur que celui de Kigali, mais il reste tr\u00e8s difficile avec la triple ascension de Saint-Romain-de-Lerps (7\u00a0km \u00e0 7,2\u00a0%) et les six mont\u00e9es du redoutable Val d\u2019Enfer (1,6\u00a0km \u00e0 9,7\u00a0%). Pour un nouveau \u00ab\u00a0Pogi show\u00a0\u00bb de loin\u00a0? \u00ab\u00a0Il ne faut jamais dire jamais mais la course fait 70\u00a0km de moins que celle de Mondiaux. Pour partir seul, il faudra vraiment voler et d\u00e9velopper une puissance \u00e9norme\u00a0\u00bb, temporise le Slov\u00e8ne.<\/p>\n<p>Premier duel Pogacar-Vingegaard depuis 2022<\/p>\n<p>Aussi incroyable que cela puisse para\u00eetre, ce sera la premi\u00e8re fois depuis le Tour de Lombardie 2022 qu\u2019il prendra le d\u00e9part d\u2019une course d\u2019un jour en m\u00eame temps que Jonas Vingegaard. Mais cette fois il est l\u00e0, leader d\u2019une belle \u00e9quipe danoise bien que priv\u00e9e de Mads Pedersen, malade. Remco Evenepoel, qui se pose en arbitre, se dit \u00ab\u00a0curieux\u00a0\u00bb de voir ce que proposera Vingegaard, qui \u00ab\u00a0n\u2019a encore jamais vraiment brill\u00e9 sur des courses d\u2019un jour\u00a0\u00bb. Le Belge lui-m\u00eame vise l\u2019or, quatre jours apr\u00e8s avoir d\u00e9croch\u00e9 <a target=\"_self\" href=\"https:\/\/www.lanouvellerepublique.fr\/sports\/cyclisme-remco-evenepoel-et-marlen-reusser-champions-d-europe-du-chrono-dans-la-foulee-de-leurs-titres-mondiaux-1759341144\" rel=\"nofollow noopener\">le titre du contre-la-montre<\/a>.<\/p>\n<p>Dans ce contexte hyperconcurrentiel, l\u2019\u00e9quipe de France compte notamment sur Romain Gr\u00e9goire, en grande forme et <a target=\"_self\" href=\"https:\/\/www.lanouvellerepublique.fr\/sports\/cyclisme-gregoire-gagne-l-ardeche-classic-apres-une-nouvelle-arrivee-gag-1740854667\" rel=\"nofollow noopener\">vainqueur de la classique Faun Ard\u00e8che en mars<\/a>. \u00ab\u00a0Je me suis pr\u00e9par\u00e9 pour \u00eatre l\u00e0 dans le final \u00e0 jouer un r\u00f4le avec les meilleurs, souligne le Bisontin. Mais il ne faut pas r\u00eaver\u00a0: Pogacar et Evenepoel, on ne va pas les sortir \u00e0 la p\u00e9dale dans le Val d\u2019Enfer. Il faudra qu\u2019on s\u2019appuie sur le collectif pour jouer devant.\u00a0\u00bb<\/p>\n<p>Ce dimanche 5\u00a0octobre 2025, sur la cha\u00eene L\u2019\u00c9quipe et Eurosport \u00e0 partir de 11\u00a0h\u00a045.<\/p>\n<p>D\u00e9j\u00e0 troisi\u00e8me du chrono des Mondiaux espoirs, le Fran\u00e7ais Maxime Decomble a d\u00e9croch\u00e9 la m\u00e9daille d&rsquo;argent de sa cat\u00e9gorie, hier, aux Europe, derri\u00e8re le Belge Jarno Widar. <\/p>\n","protected":false},"excerpt":{"rendered":"Dans l\u2019histoire encore jeune des \u00ab\u00a0Europe\u00a0\u00bb, que les coureurs professionnels disputent seulement depuis 2016, c\u2019est incontestablement le plateau&hellip;\n","protected":false},"author":2,"featured_media":439133,"comment_status":"","ping_status":"","sticky":false,"template":"","format":"standard","meta":{"footnotes":""},"categories":[1586],"tags":[11,207,1777,674,1011,27,74,12,25,60],"class_list":{"0":"post-439132","1":"post","2":"type-post","3":"status-publish","4":"format-standard","5":"has-post-thumbnail","7":"category-europe","8":"tag-actualites","9":"tag-cyclisme","10":"tag-eu","11":"tag-europe","12":"tag-fr","13":"tag-france","14":"tag-monde","15":"tag-news","16":"tag-republique-francaise","17":"tag-sports"},"share_on_mastodon":{"url":"https:\/\/pubeurope.com\/@fr\/115317218054719840","error":""},"_links":{"self":[{"href":"https:\/\/www.europesays.com\/fr\/wp-json\/wp\/v2\/posts\/439132","targetHints":{"allow":["GET"]}}],"collection":[{"href":"https:\/\/www.europesays.com\/fr\/wp-json\/wp\/v2\/posts"}],"about":[{"href":"https:\/\/www.europesays.com\/fr\/wp-json\/wp\/v2\/types\/post"}],"author":[{"embeddable":true,"href":"https:\/\/www.europesays.com\/fr\/wp-json\/wp\/v2\/users\/2"}],"replies":[{"embeddable":true,"href":"https:\/\/www.europesays.com\/fr\/wp-json\/wp\/v2\/comments?post=439132"}],"version-history":[{"count":0,"href":"https:\/\/www.europesays.com\/fr\/wp-json\/wp\/v2\/posts\/439132\/revisions"}],"wp:featuredmedia":[{"embeddable":true,"href":"https:\/\/www.europesays.com\/fr\/wp-json\/wp\/v2\/media\/439133"}],"wp:attachment":[{"href":"https:\/\/www.europesays.com\/fr\/wp-json\/wp\/v2\/media?parent=439132"}],"wp:term":[{"taxonomy":"category","embeddable":true,"href":"https:\/\/www.europesays.com\/fr\/wp-json\/wp\/v2\/categories?post=439132"},{"taxonomy":"post_tag","embeddable":true,"href":"https:\/\/www.europesays.com\/fr\/wp-json\/wp\/v2\/tags?post=439132"}],"curies":[{"name":"wp","href":"https:\/\/api.w.org\/{rel}","templated":true}]}}