{"id":439139,"date":"2025-10-04T18:07:18","date_gmt":"2025-10-04T18:07:18","guid":{"rendered":"https:\/\/www.europesays.com\/fr\/439139\/"},"modified":"2025-10-04T18:07:18","modified_gmt":"2025-10-04T18:07:18","slug":"ce-vide-dressing-il-fait-du-bien-au-pouvoir-dachat","status":"publish","type":"post","link":"https:\/\/www.europesays.com\/fr\/439139\/","title":{"rendered":"\u00ab\u00a0Ce vide-dressing, il fait du bien au pouvoir d\u2019achat\u00a0\u00bb"},"content":{"rendered":"<p>10\u00a0h\u00a030 samedi matin. En haut de l\u2019escalier du Syndicat des mineurs, un murmure se fait entendre. Puis des \u00e9clats de rire. \u00ab\u00a0Eh, regarde, tu as du monde \u00e0 ton stand et il n\u2019y a personne\u00a0!\u00a0\u00bb Jean et Odile Coutadier, les deux piliers de l\u2019association, plaisantent avec unes des exposantes. Edith Walton, et son mari G\u00e9rard, viennent chaque ann\u00e9e \u00e0 Montceau pour vendre leurs v\u00eatements, mais surtout partager un bon moment de d\u00e9tente.<\/p>\n<p>\u00ab\u00a0Nous \u00e9tions l\u00e0 quand existait la bourse et nous sommes toujours l\u00e0 depuis 2020 quand c\u2019est devenu un&#8230;<\/p>\n","protected":false},"excerpt":{"rendered":"10\u00a0h\u00a030 samedi matin. En haut de l\u2019escalier du Syndicat des mineurs, un murmure se fait entendre. Puis des&hellip;\n","protected":false},"author":2,"featured_media":439140,"comment_status":"","ping_status":"","sticky":false,"template":"","format":"standard","meta":{"footnotes":""},"categories":[4],"tags":[11,4406,33,12568,107,1011,27,12566,12567,12,25,6003,801,104,1631],"class_list":{"0":"post-439139","1":"post","2":"type-post","3":"status-publish","4":"format-standard","5":"has-post-thumbnail","7":"category-france","8":"tag-actualites","9":"tag-commerce-et-services","10":"tag-economie","11":"tag-edition-montceau-les-mines","12":"tag-fil-info","13":"tag-fr","14":"tag-france","15":"tag-montceau-les-mines","16":"tag-montceau-les-mines-ville","17":"tag-news","18":"tag-republique-francaise","19":"tag-saone-et-loire","20":"tag-social","21":"tag-societe","22":"tag-vie-associative"},"share_on_mastodon":{"url":"https:\/\/pubeurope.com\/@fr\/115317233625227494","error":""},"_links":{"self":[{"href":"https:\/\/www.europesays.com\/fr\/wp-json\/wp\/v2\/posts\/439139","targetHints":{"allow":["GET"]}}],"collection":[{"href":"https:\/\/www.europesays.com\/fr\/wp-json\/wp\/v2\/posts"}],"about":[{"href":"https:\/\/www.europesays.com\/fr\/wp-json\/wp\/v2\/types\/post"}],"author":[{"embeddable":true,"href":"https:\/\/www.europesays.com\/fr\/wp-json\/wp\/v2\/users\/2"}],"replies":[{"embeddable":true,"href":"https:\/\/www.europesays.com\/fr\/wp-json\/wp\/v2\/comments?post=439139"}],"version-history":[{"count":0,"href":"https:\/\/www.europesays.com\/fr\/wp-json\/wp\/v2\/posts\/439139\/revisions"}],"wp:featuredmedia":[{"embeddable":true,"href":"https:\/\/www.europesays.com\/fr\/wp-json\/wp\/v2\/media\/439140"}],"wp:attachment":[{"href":"https:\/\/www.europesays.com\/fr\/wp-json\/wp\/v2\/media?parent=439139"}],"wp:term":[{"taxonomy":"category","embeddable":true,"href":"https:\/\/www.europesays.com\/fr\/wp-json\/wp\/v2\/categories?post=439139"},{"taxonomy":"post_tag","embeddable":true,"href":"https:\/\/www.europesays.com\/fr\/wp-json\/wp\/v2\/tags?post=439139"}],"curies":[{"name":"wp","href":"https:\/\/api.w.org\/{rel}","templated":true}]}}