{"id":439143,"date":"2025-10-04T18:11:33","date_gmt":"2025-10-04T18:11:33","guid":{"rendered":"https:\/\/www.europesays.com\/fr\/439143\/"},"modified":"2025-10-04T18:11:33","modified_gmt":"2025-10-04T18:11:33","slug":"remiremont-marche-rose-des-clubs-de-tennis-et-du-club-evasion-samedi-11-octobre-2025","status":"publish","type":"post","link":"https:\/\/www.europesays.com\/fr\/439143\/","title":{"rendered":"Remiremont \u2013 Marche rose des clubs de tennis et du club Evasion samedi 11 octobre 2025"},"content":{"rendered":"<p>\t\t\t<img loading=\"lazy\" width=\"930\" height=\"450\" src=\"https:\/\/www.europesays.com\/fr\/wp-content\/uploads\/2025\/10\/462609039_927551899409404_6027141925872651457_n-e1729197958864.jpg\" class=\"attachment-apostrophe-2-featured size-apostrophe-2-featured wp-post-image\" alt=\"\" decoding=\"async\" data-attachment-id=\"256197\" data-permalink=\"https:\/\/remiremontvallees.com\/2024\/10\/18\/remiremont-un-veritable-succes-pour-la-marche-rose-des-clubs-de-tennis\/462609039_927551899409404_6027141925872651457_n\/\" data-orig-file=\"https:\/\/i0.wp.com\/remiremontvallees.com\/wp-content\/uploads\/2024\/10\/462609039_927551899409404_6027141925872651457_n-e1729197958864.jpg?fit=705%2C529&amp;ssl=1\" data-orig-size=\"705,529\" data-comments-opened=\"1\" data-image-meta=\"{&quot;aperture&quot;:&quot;0&quot;,&quot;credit&quot;:&quot;&quot;,&quot;camera&quot;:&quot;&quot;,&quot;caption&quot;:&quot;&quot;,&quot;created_timestamp&quot;:&quot;0&quot;,&quot;copyright&quot;:&quot;&quot;,&quot;focal_length&quot;:&quot;0&quot;,&quot;iso&quot;:&quot;0&quot;,&quot;shutter_speed&quot;:&quot;0&quot;,&quot;title&quot;:&quot;&quot;,&quot;orientation&quot;:&quot;0&quot;}\" data-image-title=\"462609039_927551899409404_6027141925872651457_n\" data-image-description=\"\" data-image-caption=\"\" data-medium-file=\"https:\/\/i0.wp.com\/remiremontvallees.com\/wp-content\/uploads\/2024\/10\/462609039_927551899409404_6027141925872651457_n-e1729197958864.jpg?fit=300%2C225&amp;ssl=1\" data-large-file=\"https:\/\/i0.wp.com\/remiremontvallees.com\/wp-content\/uploads\/2024\/10\/462609039_927551899409404_6027141925872651457_n-e1729197958864.jpg?fit=723%2C542&amp;ssl=1\"\/>\t\t<\/p>\n<p>Une manifestation organis\u00e9e par les Tennis clubs de Saint-Nabord et Remiremont, le club Evasion de Remiremont et l\u2019Amicale des Hospitaliers de Remiremont, AU PROFIT DE LA LIGUE CONTRE LE<br \/>CANCER.<\/p>\n<p>Samedi 11 octobre 2025 \u00e0 partir de 13 heures 30 au d\u00e9part du tennis de Remiremont.<\/p>\n<p>Au programme de la journ\u00e9e : un parcours de 6 kilom\u00e8tres accessible \u00e0 tous.<\/p>\n<p>\u00c9chauffement dynamique en musique de 10 minutes.<\/p>\n<p>D\u00e9part \u00e0 14 heures 30 du Tennis club de Remiremont (2 chemin de l\u2019\u00e9pinette), marche jusqu\u2019\u00e0 l\u2019\u00e9tang de Huch\u00e8re et retour au tennis club.<\/p>\n<p>INSCRIPTIONS sur place \u00e0 partir de 13 heures 30.<\/p>\n<p>\t\t\tPartager cet article sur le r\u00e9seau de votre choix :J\u2019aime \u00e7a\u00a0:<\/p>\n<p>J\u2019aime chargement\u2026<\/p>\n<p><a class=\"sd-link-color\"\/><\/p>\n<p>\n\tArticles similaires<\/p>\n","protected":false},"excerpt":{"rendered":"Une manifestation organis\u00e9e par les Tennis clubs de Saint-Nabord et Remiremont, le club Evasion de Remiremont et l\u2019Amicale&hellip;\n","protected":false},"author":2,"featured_media":439144,"comment_status":"","ping_status":"","sticky":false,"template":"","format":"standard","meta":{"footnotes":""},"categories":[1415],"tags":[1011,27,60,1467],"class_list":{"0":"post-439143","1":"post","2":"type-post","3":"status-publish","4":"format-standard","5":"has-post-thumbnail","7":"category-tennis","8":"tag-fr","9":"tag-france","10":"tag-sports","11":"tag-tennis"},"share_on_mastodon":{"url":"https:\/\/pubeurope.com\/@fr\/115317249825974497","error":""},"_links":{"self":[{"href":"https:\/\/www.europesays.com\/fr\/wp-json\/wp\/v2\/posts\/439143","targetHints":{"allow":["GET"]}}],"collection":[{"href":"https:\/\/www.europesays.com\/fr\/wp-json\/wp\/v2\/posts"}],"about":[{"href":"https:\/\/www.europesays.com\/fr\/wp-json\/wp\/v2\/types\/post"}],"author":[{"embeddable":true,"href":"https:\/\/www.europesays.com\/fr\/wp-json\/wp\/v2\/users\/2"}],"replies":[{"embeddable":true,"href":"https:\/\/www.europesays.com\/fr\/wp-json\/wp\/v2\/comments?post=439143"}],"version-history":[{"count":0,"href":"https:\/\/www.europesays.com\/fr\/wp-json\/wp\/v2\/posts\/439143\/revisions"}],"wp:featuredmedia":[{"embeddable":true,"href":"https:\/\/www.europesays.com\/fr\/wp-json\/wp\/v2\/media\/439144"}],"wp:attachment":[{"href":"https:\/\/www.europesays.com\/fr\/wp-json\/wp\/v2\/media?parent=439143"}],"wp:term":[{"taxonomy":"category","embeddable":true,"href":"https:\/\/www.europesays.com\/fr\/wp-json\/wp\/v2\/categories?post=439143"},{"taxonomy":"post_tag","embeddable":true,"href":"https:\/\/www.europesays.com\/fr\/wp-json\/wp\/v2\/tags?post=439143"}],"curies":[{"name":"wp","href":"https:\/\/api.w.org\/{rel}","templated":true}]}}