{"id":439156,"date":"2025-10-04T18:20:42","date_gmt":"2025-10-04T18:20:42","guid":{"rendered":"https:\/\/www.europesays.com\/fr\/439156\/"},"modified":"2025-10-04T18:20:42","modified_gmt":"2025-10-04T18:20:42","slug":"matthieu-delormeau-est-seul-contr","status":"publish","type":"post","link":"https:\/\/www.europesays.com\/fr\/439156\/","title":{"rendered":"Matthieu Delormeau est seul contr &#8230;"},"content":{"rendered":"<p>EN BREF<\/p>\n<ul class=\"bloc_resume_post_list\">\n<li>Depuis le 1er septembre, L\u00e9a Salam\u00e9 pr\u00e9sente le 20 Heures<br \/>\nde France 2 et a \u00e9t\u00e9 critiqu\u00e9e pour ses erreurs en<br \/>\nplateau.<\/li>\n<li>Matthieu Delormeau a vivement critiqu\u00e9 L\u00e9a Salam\u00e9 dans<br \/>\nTBT9, soulignant ses erreurs r\u00e9p\u00e9t\u00e9es et son manque de<br \/>\npr\u00e9paration.<\/li>\n<li>Les r\u00e9actions des chroniqueurs de TBT9 montrent un d\u00e9bat<br \/>\nanim\u00e9 autour du style de L\u00e9a Salam\u00e9 et de ses bourdes<br \/>\nr\u00e9centes.<\/li>\n<\/ul>\n<p>Depuis le 1er septembre, <a href=\"https:\/\/www.telestar.fr\/people\/marc-olivier-fogiel-casse-du-sucre-sur-le-dos-de-lea-salame-un-soutien-de-poids-vole-a-son-secours-1739859\" target=\"_blank\" rel=\"noopener\"><br \/>\nL\u00e9a Salam\u00e9<\/a> est aux commandes du 20 Heures de France 2. La<br \/>\njournaliste a enchain\u00e9 les bourdes en plateau, ce qui lui a valu de<br \/>\nvives critiques ces derni\u00e8res semaines.<\/p>\n<p>Sur TBT9, Cyril Hanouna et son \u00e9quipe ont toutefois pris la<br \/>\nd\u00e9fense de l\u2019animatrice, except\u00e9 Matthieu Delormeau, qui ne l\u2019a pas<br \/>\nloup\u00e9.<\/p>\n<p>Matthieu Delormeau d\u00e9zingue L\u00e9a Salam\u00e9 dans TBT9<\/p>\n<p>Invit\u00e9 r\u00e9cemment sur BuzzTV, <a href=\"https:\/\/www.telestar.fr\/actu_tv\/lea-salame-genante-face-a-marion-cotillard-juste-une-question-de-harry-roselmack-donne-son-avis-bien-tranche-1739887\" target=\"_blank\" rel=\"noopener\"><br \/>\nHarry Roselmack<\/a> a donn\u00e9 son avis cash sur les questions de L\u00e9a<br \/>\nSalam\u00e9 \u00e0 <a href=\"https:\/\/www.telestar.fr\/actu_tv\/ca-va-et-vous-lea-salame-se-fait-couper-le-sifflet-et-ce-nest-pas-marion-cotillard-qui-lui-renvoie-la-question-1738843\" target=\"_blank\" rel=\"noopener\"><br \/>\nMarion Cotillard<\/a> au 20 Heures de France 2. \u00ab\u00a0Vous auriez<br \/>\npos\u00e9 une question \u00e0 Marion Cotillard sur sa vie priv\u00e9e, son divorce<br \/>\navec Guillaume Canet ou pas ?\u00a0\u00bb ont demand\u00e9 nos confr\u00e8res \u00e0<br \/>\nl\u2019animateur. \u00ab\u00a0<strong>Non, je ne l\u00a0\u00bbaurais pas fait<\/strong><br \/>\nparce que ce n&rsquo;est pas le lieu. Les gens qui regardent le JT, ils<br \/>\nont une attente. Et l&rsquo;attente qu&rsquo;ils ont, c&rsquo;est pas de savoir si<br \/>\nMarion Cotillard va bien\u00a0\u00bb a-t-il expliqu\u00e9. Une s\u00e9quence<br \/>\ndiffus\u00e9e dans TBT9, ce 29 septembre 2025.<\/p>\n<p><a href=\"https:\/\/www.telestar.fr\/people\/le-cl-a-lair-cyril-hanouna-donne-des-details-tres-persos-sur-ses-appels-avec-emmanuel-macron-1739900\" target=\"_blank\" rel=\"noopener\"><br \/>\nCyril Hanouna<\/a> a alors comment\u00e9 : \u00ab\u00a0Il a dit un petit peu ce<br \/>\nque vous aviez dit, vous, ici. Nous, <strong>on n&rsquo;\u00e9tait pas<br \/>\nchoqu\u00e9s,<\/strong> on aime bien le style\u00a0\u00bb. Mais Matthieu<br \/>\nDelormeau ne semblait pas d\u2019accord avec ses confr\u00e8res et a alors<br \/>\ndonn\u00e9 son avis tranchant sur la pr\u00e9sentatrice.<\/p>\n<blockquote class=\"twitter-tweet\"><p><a class=\"twitter-link\" rel=\"noindex, nofollow noopener\" href=\"https:\/\/twitter.com\/W9\/status\/1968027108052971892\" target=\"_blank\"><\/p><\/blockquote>\n<p>TBT9\u00a0: Matthieu Delormeau d\u00e9zingue<br \/>\nL\u00e9a Salam\u00e9, le chroniqueur est seul contre tous<\/p>\n<p>Manifestement dubitatif sur le professionnalisme de la<br \/>\njournaliste, <a href=\"https:\/\/www.telestar.fr\/actu_tv\/jen-peux-plus-matthieu-delormeau-face-a-son-quatrieme-controle-fiscal-il-craque-1739532\" target=\"_blank\" rel=\"noopener\"><br \/>\nMatthieu Delormeau<\/a> a assur\u00e9 : \u00ab\u00a0Non, mais je suis d\u00e9sol\u00e9, en<br \/>\ndeux semaines, elle fait <strong>des erreurs vraiment tr\u00e8s<br \/>\nimportantes<\/strong>. (\u2026) Ce n\u2019est m\u00eame pas tant qu&rsquo;elle pose la<br \/>\nquestion \u00e0 Marion Cotillard, \u2018comment allez-vous ?\u2019, mais elle dit,<br \/>\n\u2018dans une semaine, sort un film\u2019, alors que c\u2019est dans un an\u00a0\u00bb. Le<br \/>\nchroniqueur de TBT9 a ensuite ajout\u00e9, sans d\u00e9tour : \u00ab\u00a0<strong>Elle<br \/>\nne travaille pas<\/strong>. La semaine d&rsquo;apr\u00e8s, elle<br \/>\nconfond Henri Guaino et Claude Gu\u00e9ant\u00a0\u00bb.<\/p>\n<p>De quoi faire r\u00e9agir \u00e0 nouveau les chroniqueurs de TBT9. Cyril<br \/>\nHanouna a notamment assur\u00e9 qu\u2019il lui \u00e9tait d\u00e9j\u00e0 arriv\u00e9 de faire ce<br \/>\ntype d\u2019erreurs. G\u00e9raldine Maillet a quant \u00e0 elle lanc\u00e9 : \u00ab\u00a0C&rsquo;est<br \/>\nla mode, <strong>le Salam\u00e9 bashing<\/strong> en ce moment. Tu te<br \/>\ntrompes jamais, t&rsquo;as jamais fait aucune erreur toi ?\u00a0\u00bb.<br \/>\n\u00a0Matthieu Delormeau a alors r\u00e9torqu\u00e9 \u00ab\u00a0je ne suis pas au JT<br \/>\ndu 20 Heures moi\u00a0\u00bb. Une chose est s\u00fbre, la nouvelle<br \/>\npr\u00e9sentatrice du 20 Heures aura fait couler beaucoup d\u2019encre en<br \/>\nseulement un mois.<\/p>\n<p><script async src=\"https:\/\/platform.twitter.com\/widgets.js\" charset=\"utf-8\"><\/script><\/p>\n","protected":false},"excerpt":{"rendered":"EN BREF Depuis le 1er septembre, L\u00e9a Salam\u00e9 pr\u00e9sente le 20 Heures de France 2 et a \u00e9t\u00e9&hellip;\n","protected":false},"author":2,"featured_media":439157,"comment_status":"","ping_status":"","sticky":false,"template":"","format":"standard","meta":{"footnotes":""},"categories":[1356],"tags":[548,58,59,1011,27,3806,7830,47264,252,1364],"class_list":{"0":"post-439156","1":"post","2":"type-post","3":"status-publish","4":"format-standard","5":"has-post-thumbnail","7":"category-television","8":"tag-article-simple","9":"tag-divertissement","10":"tag-entertainment","11":"tag-fr","12":"tag-france","13":"tag-lea-salame","14":"tag-matthieu-delormeau","15":"tag-tbt9","16":"tag-television","17":"tag-tv"},"share_on_mastodon":{"url":"https:\/\/pubeurope.com\/@fr\/115317284714631951","error":""},"_links":{"self":[{"href":"https:\/\/www.europesays.com\/fr\/wp-json\/wp\/v2\/posts\/439156","targetHints":{"allow":["GET"]}}],"collection":[{"href":"https:\/\/www.europesays.com\/fr\/wp-json\/wp\/v2\/posts"}],"about":[{"href":"https:\/\/www.europesays.com\/fr\/wp-json\/wp\/v2\/types\/post"}],"author":[{"embeddable":true,"href":"https:\/\/www.europesays.com\/fr\/wp-json\/wp\/v2\/users\/2"}],"replies":[{"embeddable":true,"href":"https:\/\/www.europesays.com\/fr\/wp-json\/wp\/v2\/comments?post=439156"}],"version-history":[{"count":0,"href":"https:\/\/www.europesays.com\/fr\/wp-json\/wp\/v2\/posts\/439156\/revisions"}],"wp:featuredmedia":[{"embeddable":true,"href":"https:\/\/www.europesays.com\/fr\/wp-json\/wp\/v2\/media\/439157"}],"wp:attachment":[{"href":"https:\/\/www.europesays.com\/fr\/wp-json\/wp\/v2\/media?parent=439156"}],"wp:term":[{"taxonomy":"category","embeddable":true,"href":"https:\/\/www.europesays.com\/fr\/wp-json\/wp\/v2\/categories?post=439156"},{"taxonomy":"post_tag","embeddable":true,"href":"https:\/\/www.europesays.com\/fr\/wp-json\/wp\/v2\/tags?post=439156"}],"curies":[{"name":"wp","href":"https:\/\/api.w.org\/{rel}","templated":true}]}}