{"id":439165,"date":"2025-10-04T18:27:12","date_gmt":"2025-10-04T18:27:12","guid":{"rendered":"https:\/\/www.europesays.com\/fr\/439165\/"},"modified":"2025-10-04T18:27:12","modified_gmt":"2025-10-04T18:27:12","slug":"haute-savoie-le-reseau-telephonique-free-en-rade-depuis-le-debut-de-matinee-dans-le-departement","status":"publish","type":"post","link":"https:\/\/www.europesays.com\/fr\/439165\/","title":{"rendered":"Haute-Savoie. Le r\u00e9seau t\u00e9l\u00e9phonique Free en rade depuis le d\u00e9but de matin\u00e9e dans le d\u00e9partement"},"content":{"rendered":"<p>Depuis 7 heures ce samedi 4\u00a0octobre, le r\u00e9seau de communication Free n\u2019\u00e9met plus dans plusieurs grandes villes du d\u00e9partement de la Haute-Savoie. \u00c0 Annecy, on compte plusieurs centaines de d\u00e9clarations de panne de la part des clients. Dans les secteurs de Faverges, de Cruseilles et de l\u2019Albanais, le nombre de signalements est moindre, mais r\u00e9v\u00e8le toujours une activit\u00e9 importante. Les communications t\u00e9l\u00e9phoniques et la connexion internet sont concern\u00e9es.<\/p>\n<p>A 17h30, Free pr\u00e9cise que cette panne est la cons\u00e9quence de la coupure d\u2019un c\u00e2ble de fibres sur le r\u00e9seau d\u2019un op\u00e9rateur, \u00e0 qui Free loue l\u2019utilisation. \u00ab\u00a0Les \u00e9quipes sont mobilis\u00e9es pour r\u00e9soudre cette panne au plus vite\u00a0\u00bb.<\/p>\n<p>A 18h30, Free annonce un retour \u00e0 la normale pour 21 heures.<\/p>\n","protected":false},"excerpt":{"rendered":"Depuis 7 heures ce samedi 4\u00a0octobre, le r\u00e9seau de communication Free n\u2019\u00e9met plus dans plusieurs grandes villes du&hellip;\n","protected":false},"author":2,"featured_media":439166,"comment_status":"","ping_status":"","sticky":false,"template":"","format":"standard","meta":{"footnotes":""},"categories":[6],"tags":[3853,3854,35,33,34,3856,4637,9543,1011,27,4638,767,104],"class_list":{"0":"post-439165","1":"post","2":"type-post","3":"status-publish","4":"format-standard","5":"has-post-thumbnail","7":"category-economie","8":"tag-annecy","9":"tag-annecy-bassin","10":"tag-business","11":"tag-economie","12":"tag-economy","13":"tag-edition-annecy-rumilly-les-aravis","14":"tag-edition-grand-geneve-chablais-ain","15":"tag-edition-mont-blanc-arve","16":"tag-fr","17":"tag-france","18":"tag-haute-savoie","19":"tag-science-et-technologie","20":"tag-societe"},"share_on_mastodon":{"url":"https:\/\/pubeurope.com\/@fr\/115317312332822719","error":""},"_links":{"self":[{"href":"https:\/\/www.europesays.com\/fr\/wp-json\/wp\/v2\/posts\/439165","targetHints":{"allow":["GET"]}}],"collection":[{"href":"https:\/\/www.europesays.com\/fr\/wp-json\/wp\/v2\/posts"}],"about":[{"href":"https:\/\/www.europesays.com\/fr\/wp-json\/wp\/v2\/types\/post"}],"author":[{"embeddable":true,"href":"https:\/\/www.europesays.com\/fr\/wp-json\/wp\/v2\/users\/2"}],"replies":[{"embeddable":true,"href":"https:\/\/www.europesays.com\/fr\/wp-json\/wp\/v2\/comments?post=439165"}],"version-history":[{"count":0,"href":"https:\/\/www.europesays.com\/fr\/wp-json\/wp\/v2\/posts\/439165\/revisions"}],"wp:featuredmedia":[{"embeddable":true,"href":"https:\/\/www.europesays.com\/fr\/wp-json\/wp\/v2\/media\/439166"}],"wp:attachment":[{"href":"https:\/\/www.europesays.com\/fr\/wp-json\/wp\/v2\/media?parent=439165"}],"wp:term":[{"taxonomy":"category","embeddable":true,"href":"https:\/\/www.europesays.com\/fr\/wp-json\/wp\/v2\/categories?post=439165"},{"taxonomy":"post_tag","embeddable":true,"href":"https:\/\/www.europesays.com\/fr\/wp-json\/wp\/v2\/tags?post=439165"}],"curies":[{"name":"wp","href":"https:\/\/api.w.org\/{rel}","templated":true}]}}