{"id":439169,"date":"2025-10-04T18:29:11","date_gmt":"2025-10-04T18:29:11","guid":{"rendered":"https:\/\/www.europesays.com\/fr\/439169\/"},"modified":"2025-10-04T18:29:11","modified_gmt":"2025-10-04T18:29:11","slug":"un-homme-meurt-noye-a-etretat-un-deuxieme-dans-un-accident-de-la-route-dans-laisne","status":"publish","type":"post","link":"https:\/\/www.europesays.com\/fr\/439169\/","title":{"rendered":"un homme meurt noy\u00e9 \u00e0 \u00c9tretat, un deuxi\u00e8me dans un accident de la route dans l&rsquo;Aisne"},"content":{"rendered":"<p class=\"article-p mdl\">Le souffle de la temp\u00eate Amy se fait ressentir en France et a d\u00e9j\u00e0 fait deux victimes. \u00c0 \u00c9tretat, en Seine-Maritime, <strong>un homme de 48 ans est mort noy\u00e9<\/strong>, selon les informations de RTL. Avec son neveu de 18 ans, il avait d\u00e9cid\u00e9 plus t\u00f4t dans la matin\u00e9e de se baigner malgr\u00e9 un arr\u00eat\u00e9 municipal interdisant la baignade. Les secours n&rsquo;ont pas pu aider l&rsquo;homme de 48 ans. Son neveu a, lui, r\u00e9ussi \u00e0 regagner la plage.<\/p>\n<p class=\"article-p mdl\">Une seconde victime a \u00e9t\u00e9 recens\u00e9e dans l&rsquo;apr\u00e8s-midi dans l&rsquo;Aisne.\u00a0Apr\u00e8s 14 h, la <strong>chute d&rsquo;une \u00ab\u00a0grande branche d&rsquo;arbre\u00a0\u00bb sur un v\u00e9hicule qui roulait sur une d\u00e9partementale<\/strong> a tu\u00e9 le conducteur, un homme de 25 ans, et bless\u00e9 gri\u00e8vement sa passag\u00e8re, transport\u00e9e \u00e0 l&rsquo;h\u00f4pital d&rsquo;Amiens, a appris l&rsquo;AFP de la pr\u00e9fecture.<\/p>\n<p class=\"article-p mdl\">Cette temp\u00eate \u00ab\u00a0g\u00e9n\u00e8re de fortes rafales de vent sur les d\u00e9partements proches des c\u00f4tes de la Manche et dans les d\u00e9partements de l&rsquo;int\u00e9rieur du nord du pays\u00a0\u00bb, a r\u00e9sum\u00e9 M\u00e9t\u00e9o-France dans son point de 16 h.<br \/>Les rafales les plus violentes depuis le d\u00e9but de l&rsquo;apr\u00e8s-midi ont \u00e9t\u00e9 enregistr\u00e9es sur le littoral : 1<strong>31 km\/h au Cap-de-la-H\u00e8ve et 122 km\/h \u00e0 Dieppe<\/strong>, en Seine-Maritime. Le vent a aussi souffl\u00e9 \u00e0 112 km\/h au cap Gris-Nez et \u00e0 102 km\/h \u00e0 Boulogne-sur-Mer, dans le Pas-de-Calais.<\/p>\n<p>            5 000 foyers priv\u00e9s d&rsquo;\u00e9lectricit\u00e9<\/p>\n<p class=\"article-p mdl\">\u00ab\u00a0Dans l&rsquo;int\u00e9rieur des terres, les <strong>rafales atteignent 90 \u00e0 100 km\/h, voire 110 km\/h localement<\/strong>\u00ab\u00a0, a pr\u00e9cis\u00e9 M\u00e9t\u00e9o-France.<\/p>\n<p class=\"article-p mdl\"><strong>Jusqu&rsquo;\u00e0 5 000 foyers ont \u00e9t\u00e9 priv\u00e9s d&rsquo;\u00e9lectricit\u00e9<\/strong> samedi matin \u00e0 cause de la temp\u00eate sur l&rsquo;ensemble de la r\u00e9gion Normandie, un chiffre ramen\u00e9 \u00e0 2 000 foyers \u00e0 12 h, selon Enedis. Mais \u00e0 cause du renforcement du vent dans l&rsquo;apr\u00e8s-midi, de nouvelles coupures ont \u00e9t\u00e9 signal\u00e9es depuis, selon l&rsquo;op\u00e9rateur, qui a pr\u00e9vu un nouveau bilan en d\u00e9but de soir\u00e9e.<\/p>\n<p class=\"article-p mdl\">Des <strong>limitations de vitesse pour les v\u00e9hicules sur les autoroutes et nationales ont \u00e9t\u00e9 mises en place<\/strong> dans tous les Hauts-de-France par la pr\u00e9fecture de r\u00e9gion jusqu&rsquo;\u00e0 samedi 20H00.<\/p>\n<p class=\"article-p mdl\">L&rsquo;att\u00e9nuation de la temp\u00eate, qui comprend aussi des averses orageuses, reste attendue en d\u00e9but de soir\u00e9e, selon M\u00e9t\u00e9o-France.<\/p>\n<p class=\"article-p mdl\">La temp\u00eate Amy a \u00e9galement fait <strong>un mort vendredi en Irlande<\/strong>, o\u00f9 elle a en outre provoqu\u00e9 d&rsquo;importantes coupures de courant, l&rsquo;annulation de vols, la fermeture d&rsquo;\u00e9coles et des inondations par endroits.<\/p>\n<p>    La r\u00e9daction vous recommande<\/p>\n<p class=\"s-newsletter__title\">\n                L\u2019actualit\u00e9 par la r\u00e9daction de RTL dans votre bo\u00eete mail.\n            <\/p>\n<p class=\"s-newsletter__subtitle\">\n                Gr\u00e2ce \u00e0 votre compte RTL abonnez-vous \u00e0 la newsletter RTL info pour suivre toute l&rsquo;actualit\u00e9 au quotidien\n            <\/p>\n<p>\n                                    Lire la suite\n                                <\/p>\n","protected":false},"excerpt":{"rendered":"Le souffle de la temp\u00eate Amy se fait ressentir en France et a d\u00e9j\u00e0 fait deux victimes. \u00c0&hellip;\n","protected":false},"author":2,"featured_media":439170,"comment_status":"","ping_status":"","sticky":false,"template":"","format":"standard","meta":{"footnotes":""},"categories":[4],"tags":[11,898,107,1011,27,2487,12,25],"class_list":{"0":"post-439169","1":"post","2":"type-post","3":"status-publish","4":"format-standard","5":"has-post-thumbnail","7":"category-france","8":"tag-actualites","9":"tag-alerte","10":"tag-fil-info","11":"tag-fr","12":"tag-france","13":"tag-meteo","14":"tag-news","15":"tag-republique-francaise"},"share_on_mastodon":{"url":"https:\/\/pubeurope.com\/@fr\/115317320219633570","error":""},"_links":{"self":[{"href":"https:\/\/www.europesays.com\/fr\/wp-json\/wp\/v2\/posts\/439169","targetHints":{"allow":["GET"]}}],"collection":[{"href":"https:\/\/www.europesays.com\/fr\/wp-json\/wp\/v2\/posts"}],"about":[{"href":"https:\/\/www.europesays.com\/fr\/wp-json\/wp\/v2\/types\/post"}],"author":[{"embeddable":true,"href":"https:\/\/www.europesays.com\/fr\/wp-json\/wp\/v2\/users\/2"}],"replies":[{"embeddable":true,"href":"https:\/\/www.europesays.com\/fr\/wp-json\/wp\/v2\/comments?post=439169"}],"version-history":[{"count":0,"href":"https:\/\/www.europesays.com\/fr\/wp-json\/wp\/v2\/posts\/439169\/revisions"}],"wp:featuredmedia":[{"embeddable":true,"href":"https:\/\/www.europesays.com\/fr\/wp-json\/wp\/v2\/media\/439170"}],"wp:attachment":[{"href":"https:\/\/www.europesays.com\/fr\/wp-json\/wp\/v2\/media?parent=439169"}],"wp:term":[{"taxonomy":"category","embeddable":true,"href":"https:\/\/www.europesays.com\/fr\/wp-json\/wp\/v2\/categories?post=439169"},{"taxonomy":"post_tag","embeddable":true,"href":"https:\/\/www.europesays.com\/fr\/wp-json\/wp\/v2\/tags?post=439169"}],"curies":[{"name":"wp","href":"https:\/\/api.w.org\/{rel}","templated":true}]}}