{"id":439173,"date":"2025-10-04T18:31:12","date_gmt":"2025-10-04T18:31:12","guid":{"rendered":"https:\/\/www.europesays.com\/fr\/439173\/"},"modified":"2025-10-04T18:31:12","modified_gmt":"2025-10-04T18:31:12","slug":"du-materiel-de-dialyse-livre-en-ukraine-par-les-pompiers-humanitaires-francais","status":"publish","type":"post","link":"https:\/\/www.europesays.com\/fr\/439173\/","title":{"rendered":"du mat\u00e9riel de dialyse livr\u00e9 en Ukraine par les Pompiers humanitaires fran\u00e7ais"},"content":{"rendered":"<p>\u00ab\u00a0Nous apportons de l\u2019aide aux Ukrainiens depuis le deuxi\u00e8me jour de la guerre\u00a0\u00bb, rappelle J\u00e9r\u00f4me Giron, le pr\u00e9sident de Pompiers humanitaires fran\u00e7ais (PHF). Mani\u00e8re de dire que l\u2019association, dont le si\u00e8ge est \u00e0 Saint-\u00c9tienne, <a href=\"https:\/\/www.leprogres.fr\/defense-guerre-conflit\/2023\/01\/16\/ukraine-une-ong-stephanoise-livre-un-hopital-de-campagne\" target=\"_blank\" rel=\"noopener\">ne s\u2019est pas content\u00e9e d\u2019un soutien temporaire<\/a>. \u00ab\u00a0Trois ans apr\u00e8s, nous sommes toujours l\u00e0. Et \u00e7a continuera. \u00bb<\/p>\n<p>Ce contenu est bloqu\u00e9 car vous n&rsquo;avez pas accept\u00e9 les cookies et autres traceurs.<\/p>\n<p>En cliquant sur \u00ab J\u2019accepte \u00bb, les cookies et autres traceurs seront d\u00e9pos\u00e9s et vous pourrez visualiser les contenus  (<a href=\"\" class=\"consentModule_policy\" target=\"_blank\" title=\"Consulter la politique de protection des donn\u00e9es du fournisseur\">plus d&rsquo;informations<\/a>).<\/p>\n<p>En cliquant sur \u00ab J\u2019accepte tous les cookies \u00bb, vous autorisez des d\u00e9p\u00f4ts de cookies et autres traceurs pour le stockage de vos donn\u00e9es sur nos sites et applications \u00e0 des fins de personnalisation et de ciblage publicitaire.<\/p>\n<p class=\"consentModule_secondaryText\">Vous gardez la possibilit\u00e9 de retirer votre consentement \u00e0 tout moment en consultant notre <a href=\"https:\/\/www.leprogres.fr\/protection-des-donnees\" target=\"_blank\" title=\"Consulter notre politique de protection des donn\u00e9es\" rel=\"noopener\">politique de protection des donn\u00e9es<\/a>. <br \/>&#13;<br \/>\n            <a href=\"https:\/\/www.leprogres.fr\/defense-guerre-conflit\/2025\/10\/04\/javascript:Didomi.notice.show()\" class=\"consentModule_cmp\" target=\"_blank\" rel=\"noopener\">G\u00e9rer mes choix<\/a>&#13;\n        <\/p>\n<p>&#13;<br \/>\n                        J&rsquo;accepte&#13;<br \/>\n            J&rsquo;accepte tous les cookies&#13;\n        <\/p>\n<p>Quatre membres de PHF viennent ainsi de passer trois jours en Ukraine en compagnie d\u2019autres partenaires. But de la mission\u00a0: livrer du mat\u00e9riel de dialyse \u00e0 l\u2019h\u00f4pital de Mostyska, une petite ville pr\u00e8s de la fronti\u00e8re polonaise, dans la r\u00e9gion de Lviv. \u00ab\u00a0Il n\u2019y avait pas de centre de dialyse jusqu\u2019alors dans cet \u00e9tablissement\u00a0\u00bb, explique J\u00e9r\u00f4me Giron.<\/p>\n<p>  \u00ab\u00a0Les Ukrainiens ont \u00e9t\u00e9 sensibles \u00e0 notre solidarit\u00e9\u00a0\u00bb<\/p>\n<p>Si la r\u00e9gion est \u00e9pargn\u00e9e par les bombardements, l\u2019ambiance est tout de m\u00eame pesante. \u00ab\u00a0La ville, qui compte 10\u00a0000 habitants, d\u00e9nombre 82 tu\u00e9s et 45 disparus\u00a0\u00bb, relate le pr\u00e9sident de PHF, qui \u00e9tait sur place. \u00ab\u00a0Tous les matins, \u00e0 9 heures, il y a une minute de recueillement. Il y a une grosse solidarit\u00e9 avec les soldats et, si les gens sont loin du front, on les sent vraiment concern\u00e9s. C\u2019\u00e9tait \u00e9mouvant. \u00bb<\/p>\n<p>Au-del\u00e0 de l\u2019aide mat\u00e9riel, \u00ab\u00a0les Ukrainiens ont \u00e9t\u00e9 sensibles \u00e0 notre venue. Trois ans apr\u00e8s le d\u00e9but de la guerre, il n\u2019y a pas grand-monde qui leur rend visite. Cette mission a \u00e9t\u00e9 l\u2019occasion de voir concr\u00e8tement ce que nous mettons en place et remotiver les troupes, aussi bien chez eux que chez nous. \u00bb<\/p>\n","protected":false},"excerpt":{"rendered":"\u00ab\u00a0Nous apportons de l\u2019aide aux Ukrainiens depuis le deuxi\u00e8me jour de la guerre\u00a0\u00bb, rappelle J\u00e9r\u00f4me Giron, le pr\u00e9sident&hellip;\n","protected":false},"author":2,"featured_media":439174,"comment_status":"","ping_status":"","sticky":false,"template":"","format":"standard","meta":{"footnotes":""},"categories":[9653],"tags":[1111,11,2430,3206,7539,1777,674,1011,27,3367,12,25,4001,7538,220],"class_list":{"0":"post-439173","1":"post","2":"type-post","3":"status-publish","4":"format-standard","5":"has-post-thumbnail","7":"category-saint-etienne","8":"tag-actu","9":"tag-actualites","10":"tag-auvergne-rhone-alpes","11":"tag-defense-guerre-conflit","12":"tag-edition-loire-sud","13":"tag-eu","14":"tag-europe","15":"tag-fr","16":"tag-france","17":"tag-loire","18":"tag-news","19":"tag-republique-francaise","20":"tag-saint-etienne","21":"tag-saint-etienne-ville","22":"tag-ukraine"},"share_on_mastodon":{"url":"https:\/\/pubeurope.com\/@fr\/115317328071758506","error":""},"_links":{"self":[{"href":"https:\/\/www.europesays.com\/fr\/wp-json\/wp\/v2\/posts\/439173","targetHints":{"allow":["GET"]}}],"collection":[{"href":"https:\/\/www.europesays.com\/fr\/wp-json\/wp\/v2\/posts"}],"about":[{"href":"https:\/\/www.europesays.com\/fr\/wp-json\/wp\/v2\/types\/post"}],"author":[{"embeddable":true,"href":"https:\/\/www.europesays.com\/fr\/wp-json\/wp\/v2\/users\/2"}],"replies":[{"embeddable":true,"href":"https:\/\/www.europesays.com\/fr\/wp-json\/wp\/v2\/comments?post=439173"}],"version-history":[{"count":0,"href":"https:\/\/www.europesays.com\/fr\/wp-json\/wp\/v2\/posts\/439173\/revisions"}],"wp:featuredmedia":[{"embeddable":true,"href":"https:\/\/www.europesays.com\/fr\/wp-json\/wp\/v2\/media\/439174"}],"wp:attachment":[{"href":"https:\/\/www.europesays.com\/fr\/wp-json\/wp\/v2\/media?parent=439173"}],"wp:term":[{"taxonomy":"category","embeddable":true,"href":"https:\/\/www.europesays.com\/fr\/wp-json\/wp\/v2\/categories?post=439173"},{"taxonomy":"post_tag","embeddable":true,"href":"https:\/\/www.europesays.com\/fr\/wp-json\/wp\/v2\/tags?post=439173"}],"curies":[{"name":"wp","href":"https:\/\/api.w.org\/{rel}","templated":true}]}}