{"id":439193,"date":"2025-10-04T18:44:36","date_gmt":"2025-10-04T18:44:36","guid":{"rendered":"https:\/\/www.europesays.com\/fr\/439193\/"},"modified":"2025-10-04T18:44:36","modified_gmt":"2025-10-04T18:44:36","slug":"apres-un-accident-avec-un-chien-une-sexagenaire-confie-son-traumatisme","status":"publish","type":"post","link":"https:\/\/www.europesays.com\/fr\/439193\/","title":{"rendered":"apr\u00e8s un accident avec un chien, une sexag\u00e9naire confie son traumatisme"},"content":{"rendered":"<p>            Par<br \/>\n        <strong><br \/>\n            <a href=\"https:\/\/actu.fr\/auteur\/thomassavalle-2\" title=\"Consulter tous les articles de Thomas Savalle\" target=\"_blank\" rel=\"noopener\">Thomas Savalle<\/a><br \/>\n        <\/strong><\/p>\n<p>        Publi\u00e9 le<\/p>\n<p>            2 oct. 2025 \u00e0 18h59        <\/p>\n<p>Isabelle (pr\u00e9nom d\u2019emprunt) peine encore \u00e0 marcher trois semaines apr\u00e8s son accident survenu \u00e0 <a href=\"https:\/\/actu.fr\/bretagne\/saint-malo_35288\" target=\"_blank\" rel=\"noopener\">Saint-Malo<\/a> (Ille-et-Vilaine).<\/p>\n<p class=\" wall-content\">Jeudi 11 septembre 2025, la sexag\u00e9naire est lourdement tomb\u00e9e \u00e0 terre, sur une all\u00e9e \u00e0 proximit\u00e9 du parking du Lidl de Param\u00e9. C\u2019est ici qu\u2019elle promenait tous les jours son petit <a href=\"https:\/\/actu.fr\/tag\/chien\" target=\"_blank\" rel=\"noopener\">chien<\/a> durant environ une heure. Elle n\u2019avait pas remis les pieds ici depuis sa chute.<\/p>\n<p>\u00ab\u00a0J\u2019ai senti un gros choc\u00a0\u00bb<\/p>\n<p class=\" wall-content\">Trop dur pour elle de revivre cette matin\u00e9e o\u00f9 \u00ab je terminais ma balade quand soudain un berger belge, pas tenu en laisse, m\u2019a saut\u00e9 dessus. Il se trouvait \u00e0 cinquante m\u00e8tres plus loin. J\u2019ai senti un gros choc. Je suis tomb\u00e9e \u00bb, poursuit-elle.<\/p>\n<p class=\" wall-content\">\u00ab On a entendu des cris, alors que toutes les portes \u00e9taient ferm\u00e9es. En sortant, on a vu la dame \u00e0 terre. Le visage ensanglant\u00e9. Elle semblait inconsciente \u00bb, expliquent des salari\u00e9s de l\u2019\u00e9tude <a href=\"https:\/\/www.emeraude-encheres.com\/ventes-a-venir.html\" target=\"_blank\" rel=\"noopener\">Emeraude Ench\u00e8res<\/a>. \u00ab Il y avait du monde sur le parking du magasin, mais personne n\u2019est venue la secourir. C\u2019est dingue \u00bb, peste une personne venue l\u2019aider. Elle a \u00e9t\u00e9 transport\u00e9 \u00e0 l\u2019h\u00f4pital de Saint-Malo par les <a href=\"https:\/\/actu.fr\/tag\/pompiers\" target=\"_blank\" rel=\"noopener\">sapeurs-pompiers<\/a>.\u00a0<\/p>\n<p>\u00ab Tr\u00e8s angoiss\u00e9e \u00bb<\/p>\n<p class=\" wall-content\">Difficile de savoir exactement ce qu\u2019il s\u2019est exactement pass\u00e9. Une chose est s\u00fbre, Isabelle a une entorse au genou, des h\u00e9matomes et sept points de suture \u00e0 l\u2019arcade qu\u2019elle cache avec des lunettes de soleil. De plus, son petit chien a \u00e9t\u00e9 mordu en la d\u00e9fendant.\u00a0Depuis ces faits, la sexag\u00e9naire se sent tr\u00e8s angoiss\u00e9e et n\u2019arrive pas \u00e0 dormir.<\/p>\n<p>Un traumatisme<\/p>\n<p class=\" wall-content\">\u00ab Je vois le chien me sauter dessus quand je ferme les yeux \u00bb, explique-t-elle. C\u2019est pour elle un v\u00e9ritable traumatisme. D\u2019ailleurs, elle a m\u00eame annul\u00e9 ses vacances dans les Vosges. \u00ab Je me demande encore pourquoi il m\u2019a attaqu\u00e9 ainsi. \u00bb<\/p>\n<p class=\" wall-content\">Elle a d\u00e9pos\u00e9 plainte au commissariat de police de Saint-Malo, mais ne se fait pas trop d\u2019illusions sur les suites de la proc\u00e9dure. \u00ab On m\u2019a dit qu\u2019il y avait 5 000 dossiers comme le mien. Mais, j\u2019ai peur que ce chien attaque quelqu\u2019un d\u2019autre. \u00bb<\/p>\n<p class=\" wall-content\">Personnalisez votre actualit\u00e9 en ajoutant vos villes et m\u00e9dias en favori avec <a href=\"https:\/\/moncompte.actu.fr\" title=\"D\u00e9couvez Mon Actu\" rel=\"nofollow noopener\" data-trk=\"{&quot;cta&quot;:{&quot;action&quot;:&quot;https:\\\/\\\/moncompte.actu.fr&quot;,&quot;category&quot;:&quot;mon compte&quot;,&quot;from&quot;:&quot;article footer&quot;,&quot;name&quot;:&quot;Mon actu&quot;,&quot;type&quot;:&quot;cta&quot;}}\" target=\"_blank\">Mon Actu<\/a>.<\/p>\n","protected":false},"excerpt":{"rendered":"Par Thomas Savalle Publi\u00e9 le 2 oct. 2025 \u00e0 18h59 Isabelle (pr\u00e9nom d\u2019emprunt) peine encore \u00e0 marcher trois&hellip;\n","protected":false},"author":2,"featured_media":439194,"comment_status":"","ping_status":"","sticky":false,"template":"","format":"standard","meta":{"footnotes":""},"categories":[2821],"tags":[1111,11,829,4850,1777,674,1011,27,12,1311,584,25,104],"class_list":{"0":"post-439193","1":"post","2":"type-post","3":"status-publish","4":"format-standard","5":"has-post-thumbnail","7":"category-rennes","8":"tag-actu","9":"tag-actualites","10":"tag-bretagne","11":"tag-chien","12":"tag-eu","13":"tag-europe","14":"tag-fr","15":"tag-france","16":"tag-news","17":"tag-pompiers","18":"tag-rennes","19":"tag-republique-francaise","20":"tag-societe"},"share_on_mastodon":{"url":"https:\/\/pubeurope.com\/@fr\/115317379248719519","error":""},"_links":{"self":[{"href":"https:\/\/www.europesays.com\/fr\/wp-json\/wp\/v2\/posts\/439193","targetHints":{"allow":["GET"]}}],"collection":[{"href":"https:\/\/www.europesays.com\/fr\/wp-json\/wp\/v2\/posts"}],"about":[{"href":"https:\/\/www.europesays.com\/fr\/wp-json\/wp\/v2\/types\/post"}],"author":[{"embeddable":true,"href":"https:\/\/www.europesays.com\/fr\/wp-json\/wp\/v2\/users\/2"}],"replies":[{"embeddable":true,"href":"https:\/\/www.europesays.com\/fr\/wp-json\/wp\/v2\/comments?post=439193"}],"version-history":[{"count":0,"href":"https:\/\/www.europesays.com\/fr\/wp-json\/wp\/v2\/posts\/439193\/revisions"}],"wp:featuredmedia":[{"embeddable":true,"href":"https:\/\/www.europesays.com\/fr\/wp-json\/wp\/v2\/media\/439194"}],"wp:attachment":[{"href":"https:\/\/www.europesays.com\/fr\/wp-json\/wp\/v2\/media?parent=439193"}],"wp:term":[{"taxonomy":"category","embeddable":true,"href":"https:\/\/www.europesays.com\/fr\/wp-json\/wp\/v2\/categories?post=439193"},{"taxonomy":"post_tag","embeddable":true,"href":"https:\/\/www.europesays.com\/fr\/wp-json\/wp\/v2\/tags?post=439193"}],"curies":[{"name":"wp","href":"https:\/\/api.w.org\/{rel}","templated":true}]}}