{"id":439197,"date":"2025-10-04T18:46:12","date_gmt":"2025-10-04T18:46:12","guid":{"rendered":"https:\/\/www.europesays.com\/fr\/439197\/"},"modified":"2025-10-04T18:46:12","modified_gmt":"2025-10-04T18:46:12","slug":"strasbourg-good-boy-arco-le-festival-du-film-fantastique-devoile-son-palmares-apres-une-belle-edition","status":"publish","type":"post","link":"https:\/\/www.europesays.com\/fr\/439197\/","title":{"rendered":"Strasbourg. Good Boy , Arco \u2026 le Festival du film fantastique d\u00e9voile son palmar\u00e8s apr\u00e8s une belle \u00e9dition"},"content":{"rendered":"<p><a href=\"https:\/\/www.dna.fr\/culture-loisirs\/2025\/09\/27\/des-stars-et-des-convictions-pour-l-ouverture-du-festival-du-film-fantastique\" target=\"_blank\" rel=\"nofollow noopener\">Neuf jours apr\u00e8s la c\u00e9r\u00e9monie d\u2019ouverture<\/a> , les spectateurs sont de retour dans la grande salle du Vox pour d\u00e9couvrir le tant attendu palmar\u00e8s de cette 18e \u00e9dition du FEFFS. En un peu plus d\u2019une semaine, les festivaliers ont pu voyager aux quatre coins du monde, des rues de Rome \u00e0 un lyc\u00e9e japonais en passant par un Ehpad et des WC avant de faire un bond sur une autre plan\u00e8te.<\/p>\n<p>Dans le public tr\u00e8s vari\u00e9 crois\u00e9 lors des s\u00e9ances, de grands habitu\u00e9s n\u2019ont pas h\u00e9sit\u00e9 \u00e0 poser une semaine de cong\u00e9 pour voir 30, 40, parfois m\u00eame une cinquantaine de films\u00a0! D\u2019autres sont venus pour la premi\u00e8re fois, se laissant tenter par <a href=\"https:\/\/www.dna.fr\/culture-loisirs\/2025\/09\/27\/jean-dujardin-au-festival-europeen-du-film-fantastique-pour-presenter-l-homme-qui-retrecit\" target=\"_blank\" rel=\"nofollow noopener\">le film d\u2019ouverture,  L\u2019homme qui r\u00e9tr\u00e9cit , avec Jean Dujardin<\/a> , <a href=\"https:\/\/www.dna.fr\/culture-loisirs\/2025\/10\/03\/tres-chouette-de-le-voir-dans-ce-cadre-sous-un-chapiteau-de-cirque-le-festival-du-film-fantastique-renoue-avec-la-seance-insolite\" target=\"_blank\" rel=\"nofollow noopener\">la s\u00e9ance insolite \u00e0 Graine de cirque<\/a> ou par <a href=\"https:\/\/www.dna.fr\/culture-loisirs\/2025\/10\/03\/festival-du-film-fantastique-les-visions-d-alexandre-aja-dans-une-amerique-dystopique\" target=\"_blank\" rel=\"nofollow noopener\">la masterclass du r\u00e9alisateur invit\u00e9 d\u2019honneur Alexandre Aja<\/a>. Le tout dans une ambiance chaleureuse et stimulante salu\u00e9e par le public, mais \u00e9galement le jury. \u00ab\u00a0J\u2019ai d\u00e9j\u00e0 \u00e9t\u00e9 jury ailleurs \u00e0 plusieurs reprises, mais c\u2019est une de mes meilleures exp\u00e9riences en festival\u00a0\u00bb, f\u00e9licite Judith Berlanda-Beauvallet, la cr\u00e9atrice de la cha\u00eene YouTube Demoiselles d\u2019Horreur.<\/p>\n<p>  Plus de 22\u00a0000 spectateurs dans les salles<\/p>\n<p>Encore une fois, le FEFFS confirme son succ\u00e8s et continue m\u00eame \u00e0 se d\u00e9velopper. \u00ab\u00a0Avec la derni\u00e8re journ\u00e9e de demain, nous devrons atteindre les 2\u00a0000 entr\u00e9es suppl\u00e9mentaires par rapport \u00e0 l\u2019ann\u00e9e derni\u00e8re\u00a0\u00bb, estime Daniel Cohen, directeur du festival. Du monde a m\u00eame d\u00fb \u00eatre refus\u00e9 \u00e0 certaines s\u00e9ances. Au total, plus de 22\u00a0000 personnes se sont rendues aux projections du festival et 7\u00a0000 visiteurs sont pass\u00e9s par le village de la place Saint-Thomas.<\/p>\n<p>\u00ab\u00a0Les r\u00e9trospectives ont tr\u00e8s bien march\u00e9, notamment apr\u00e8s des jeunes\u00a0\u00bb, se r\u00e9jouit Daniel Cohen. \u00ab\u00a0Il est important de transmettre ce patrimoine de films qui portent des messages forts\u00a0\u00bb, comme \u00e7a a \u00e9t\u00e9 le cas cette ann\u00e9e avec de nombreuses dystopies mettant en garde contre la mont\u00e9e du fascisme.<\/p>\n<p>  180 b\u00e9n\u00e9voles investis<\/p>\n<p>Acteurs indispensables de cette r\u00e9ussite, les quelque 180 b\u00e9n\u00e9voles pr\u00e9sents sur le festival, mais \u00e9galement en amont et en aval. Depuis plusieurs ann\u00e9es, Soizik, 44 ans, s\u2019occupe de g\u00e9rer (\u00e9galement b\u00e9n\u00e9volement) les plannings de tout ce petit monde. Une t\u00e2che qui n\u2019est pas de tout repos, mais pour laquelle elle s\u2019investit avec plaisir. \u00ab\u00a0Le FEFFS est une bulle d\u2019oxyg\u00e8ne, un moment suspendu d\u00e9di\u00e9 au cin\u00e9ma qui permet d\u2019oublier ses probl\u00e8mes du quotidien. Y participer de l\u2019int\u00e9rieur est une magnifique exp\u00e9rience.\u00a0\u00bb En r\u00e9compense, les liens cr\u00e9\u00e9s au fil du temps avec les autres b\u00e9n\u00e9voles et les spectateurs habitu\u00e9s.<\/p>\n<p class=\"insetTitle\">Le palmar\u00e8s du FEFFS 2025<\/p>\n<p>&#8211; L\u2019Octopus d\u2019Or pour Good Boy de Ben Leonberg (mention sp\u00e9ciale du jury pour New Group de Y\u00fbta Shimotsu).<\/p>\n<p>&#8211; Le M\u00e9li\u00e8s d\u2019Argent du meilleur film fantastique europ\u00e9en et le prix du public pour The Holy Boy de Paolo Strippoli.<\/p>\n<p>&#8211; Le Grand Prix crossovers pour Luger de Bruno Martin (mention sp\u00e9ciale pour The Forbidden city de Gabriele Mainetti).<\/p>\n<p>&#8211; La Cigogne d\u2019Or du meilleur film d\u2019animation pour Arco d\u2019Ugo Bienvenu (mention sp\u00e9ciale pour Heart of Darkness de Rog\u00e9rio Nunes).<\/p>\n","protected":false},"excerpt":{"rendered":"Neuf jours apr\u00e8s la c\u00e9r\u00e9monie d\u2019ouverture , les spectateurs sont de retour dans la grande salle du Vox&hellip;\n","protected":false},"author":2,"featured_media":439198,"comment_status":"","ping_status":"","sticky":false,"template":"","format":"standard","meta":{"footnotes":""},"categories":[2820],"tags":[1111,11,2389,650,1687,2880,1777,674,107,1011,27,775,12,25,3140,640,2879],"class_list":{"0":"post-439197","1":"post","2":"type-post","3":"status-publish","4":"format-standard","5":"has-post-thumbnail","7":"category-strasbourg","8":"tag-actu","9":"tag-actualites","10":"tag-alsace","11":"tag-cinema","12":"tag-culture-loisirs","13":"tag-edition-strasbourg","14":"tag-eu","15":"tag-europe","16":"tag-fil-info","17":"tag-fr","18":"tag-france","19":"tag-grand-est","20":"tag-news","21":"tag-republique-francaise","22":"tag-spectacle","23":"tag-strasbourg","24":"tag-strasbourg-ville"},"share_on_mastodon":{"url":"https:\/\/pubeurope.com\/@fr\/115317386997120275","error":""},"_links":{"self":[{"href":"https:\/\/www.europesays.com\/fr\/wp-json\/wp\/v2\/posts\/439197","targetHints":{"allow":["GET"]}}],"collection":[{"href":"https:\/\/www.europesays.com\/fr\/wp-json\/wp\/v2\/posts"}],"about":[{"href":"https:\/\/www.europesays.com\/fr\/wp-json\/wp\/v2\/types\/post"}],"author":[{"embeddable":true,"href":"https:\/\/www.europesays.com\/fr\/wp-json\/wp\/v2\/users\/2"}],"replies":[{"embeddable":true,"href":"https:\/\/www.europesays.com\/fr\/wp-json\/wp\/v2\/comments?post=439197"}],"version-history":[{"count":0,"href":"https:\/\/www.europesays.com\/fr\/wp-json\/wp\/v2\/posts\/439197\/revisions"}],"wp:featuredmedia":[{"embeddable":true,"href":"https:\/\/www.europesays.com\/fr\/wp-json\/wp\/v2\/media\/439198"}],"wp:attachment":[{"href":"https:\/\/www.europesays.com\/fr\/wp-json\/wp\/v2\/media?parent=439197"}],"wp:term":[{"taxonomy":"category","embeddable":true,"href":"https:\/\/www.europesays.com\/fr\/wp-json\/wp\/v2\/categories?post=439197"},{"taxonomy":"post_tag","embeddable":true,"href":"https:\/\/www.europesays.com\/fr\/wp-json\/wp\/v2\/tags?post=439197"}],"curies":[{"name":"wp","href":"https:\/\/api.w.org\/{rel}","templated":true}]}}