{"id":439208,"date":"2025-10-04T18:53:15","date_gmt":"2025-10-04T18:53:15","guid":{"rendered":"https:\/\/www.europesays.com\/fr\/439208\/"},"modified":"2025-10-04T18:53:15","modified_gmt":"2025-10-04T18:53:15","slug":"deux-petites-mains-interpellees-et-condamnees","status":"publish","type":"post","link":"https:\/\/www.europesays.com\/fr\/439208\/","title":{"rendered":"deux petites mains interpell\u00e9es et condamn\u00e9es"},"content":{"rendered":"<p>Ils ne se connaissent pas et sont jug\u00e9s l\u2019un apr\u00e8s l\u2019autre pour \u00ab\u00a0d\u00e9tention illicite\u00a0\u00bb de m\u00e9dicaments devant le tribunal correctionnel de Bordeaux, ce 3\u00a0octobre. Ces deux hommes ont \u00e9t\u00e9 interpell\u00e9s deux jours plus t\u00f4t, <a href=\"https:\/\/www.sudouest.fr\/faits-divers\/tout-le-monde-est-en-place-trois-deux-un-on-boucle-operation-de-controles-anti-stups-dans-bordeaux-centre-25337581.php\" target=\"_blank\" rel=\"follow nofollow noopener\">lors de contr\u00f4les men\u00e9s<\/a> dans le cadre du groupe local de traitement de la d\u00e9linquance (GLTD) Saint-Michel, \u00e0 Bordeaux.<\/p>\n<p>Le premier, un Bulgare de 59\u00a0ans, s\u2019est d\u00e9barrass\u00e9 d\u2019un sac en voyant arriver des policiers \u00e0 VTT dans le cours Victor-Hugo. Il a poursuivi son chemin vers la porte de Bourgogne et a \u00e9t\u00e9 rattrap\u00e9 avant de monter dans un tram. Dans le sac qu\u2019il venait de jeter, les policiers ont d\u00e9couvert 126\u00a0g\u00e9lules de m\u00e9thadone et 54 de Subutex, des traitements de substitution aux opiac\u00e9s utilis\u00e9s par les toxicomanes, dont la vente est tr\u00e8s encadr\u00e9e pour lutter contre les trafics et les risques sanitaires. Sur lui, ont \u00e9galement \u00e9t\u00e9 trouv\u00e9s 70\u00a0comprim\u00e9s suppl\u00e9mentaires de Subutex et 40 de Seresta, un anxiolytique.<\/p>\n<p>Le second, Alg\u00e9rien de 32\u00a0ans, a \u00e9t\u00e9 contr\u00f4l\u00e9 dans la rue Saint-Fran\u00e7ois. Il cachait un couteau dans son cale\u00e7on, des plaquettes de pr\u00e9gabaline sous son pull et, dans sa manche, 12\u00a0morceaux de r\u00e9sine de cannabis conditionn\u00e9s. Comme la m\u00e9thadone et le Subutex, la pr\u00e9gabaline (un anxiolytique) est un m\u00e9dicament qui ne peut \u00eatre d\u00e9livr\u00e9 que sur ordonnance s\u00e9curis\u00e9e. Sorti de prison deux jours plus t\u00f4t, le trentenaire n\u2019avait aucune ordonnance et les plaquettes venaient de l\u2019\u00e9tranger.<\/p>\n<p>\u00ab\u00a0Les dangers des m\u00e9susages de m\u00e9dicaments\u00a0\u00bb<\/p>\n<p>R\u00e9cidivistes, les deux pr\u00e9venus affirment qu\u2019il s\u2019agissait de leur consommation personnelle. \u00ab\u00a0Pour le Subutex, j\u2019ai une ordonnance\u00a0\u00bb, se d\u00e9fend le quinquag\u00e9naire, ex-h\u00e9ro\u00efnomane. Mais la m\u00e9thadone\u00a0? \u00ab\u00a0Un inconnu l\u2019a gliss\u00e9 dans mon sac.\u00a0\u00bb De son c\u00f4t\u00e9, le propri\u00e9taire de la pr\u00e9gabaline plaide des \u00ab\u00a0douleurs au genou\u00a0\u00bb.<\/p>\n<p>\u00ab\u00a0Dans la zone d\u2019interpellation, une proportion plus qu\u2019importante qu\u2019ailleurs de commissions d\u2019infractions est constat\u00e9e. Que ce soit des violences, des atteintes aux biens ou des infractions \u00e0 la l\u00e9gislation sur les stup\u00e9fiants. D\u2019o\u00f9 le GLTD et les op\u00e9rations de contr\u00f4les\u00a0\u00bb, rappelle la procureure. La magistrate poursuit sur \u00ab\u00a0les dangers des m\u00e9susages\u00a0\u00bb et du trafic de m\u00e9dicaments\u00a0: \u00ab\u00a0La moiti\u00e9 des traitements de substitution aux opiac\u00e9s est acquise ill\u00e9galement\u00a0\u00bb, souligne-t-elle.<\/p>\n<p>Les arguments font mouche. Les deux hommes ont \u00e9t\u00e9 condamn\u00e9s \u00e0 de la prison ferme \u2013 six mois pour le premier, huit mois pour le second \u2013 et incarc\u00e9r\u00e9s. L\u2019un a interdiction de para\u00eetre \u00e0 Bordeaux pendant cinq ans, l\u2019autre est interdit du territoire fran\u00e7ais pour la m\u00eame dur\u00e9e.<\/p>\n","protected":false},"excerpt":{"rendered":"Ils ne se connaissent pas et sont jug\u00e9s l\u2019un apr\u00e8s l\u2019autre pour \u00ab\u00a0d\u00e9tention illicite\u00a0\u00bb de m\u00e9dicaments devant le&hellip;\n","protected":false},"author":2,"featured_media":439209,"comment_status":"","ping_status":"","sticky":false,"template":"","format":"standard","meta":{"footnotes":""},"categories":[2817],"tags":[1111,11,1997,1777,674,1011,27,12,2219,25],"class_list":{"0":"post-439208","1":"post","2":"type-post","3":"status-publish","4":"format-standard","5":"has-post-thumbnail","7":"category-bordeaux","8":"tag-actu","9":"tag-actualites","10":"tag-bordeaux","11":"tag-eu","12":"tag-europe","13":"tag-fr","14":"tag-france","15":"tag-news","16":"tag-nouvelle-aquitaine","17":"tag-republique-francaise"},"share_on_mastodon":{"url":"https:\/\/pubeurope.com\/@fr\/115317414533841964","error":""},"_links":{"self":[{"href":"https:\/\/www.europesays.com\/fr\/wp-json\/wp\/v2\/posts\/439208","targetHints":{"allow":["GET"]}}],"collection":[{"href":"https:\/\/www.europesays.com\/fr\/wp-json\/wp\/v2\/posts"}],"about":[{"href":"https:\/\/www.europesays.com\/fr\/wp-json\/wp\/v2\/types\/post"}],"author":[{"embeddable":true,"href":"https:\/\/www.europesays.com\/fr\/wp-json\/wp\/v2\/users\/2"}],"replies":[{"embeddable":true,"href":"https:\/\/www.europesays.com\/fr\/wp-json\/wp\/v2\/comments?post=439208"}],"version-history":[{"count":0,"href":"https:\/\/www.europesays.com\/fr\/wp-json\/wp\/v2\/posts\/439208\/revisions"}],"wp:featuredmedia":[{"embeddable":true,"href":"https:\/\/www.europesays.com\/fr\/wp-json\/wp\/v2\/media\/439209"}],"wp:attachment":[{"href":"https:\/\/www.europesays.com\/fr\/wp-json\/wp\/v2\/media?parent=439208"}],"wp:term":[{"taxonomy":"category","embeddable":true,"href":"https:\/\/www.europesays.com\/fr\/wp-json\/wp\/v2\/categories?post=439208"},{"taxonomy":"post_tag","embeddable":true,"href":"https:\/\/www.europesays.com\/fr\/wp-json\/wp\/v2\/tags?post=439208"}],"curies":[{"name":"wp","href":"https:\/\/api.w.org\/{rel}","templated":true}]}}