{"id":439212,"date":"2025-10-04T18:55:10","date_gmt":"2025-10-04T18:55:10","guid":{"rendered":"https:\/\/www.europesays.com\/fr\/439212\/"},"modified":"2025-10-04T18:55:10","modified_gmt":"2025-10-04T18:55:10","slug":"toulouse-un-jeune-homme-de-17-ans-presentant-une-blessure-grave-a-la-gorge-hospitalise","status":"publish","type":"post","link":"https:\/\/www.europesays.com\/fr\/439212\/","title":{"rendered":"Toulouse. Un jeune homme de 17 ans pr\u00e9sentant \u00ab\u00a0une blessure grave \u00e0 la gorge\u00a0\u00bb hospitalis\u00e9"},"content":{"rendered":"<p>            Par<br \/>\n        <strong><br \/>\n            <a href=\"https:\/\/actu.fr\/auteur\/gabriel-kenedi\" title=\"Consulter tous les articles de Gabriel Kenedi\" rel=\"nofollow noopener\" target=\"_blank\">Gabriel Kenedi<\/a><br \/>\n        <\/strong><\/p>\n<p>        Publi\u00e9 le<\/p>\n<p>            4 oct. 2025 \u00e0 19h30        <\/p>\n<p>Un jeune homme de 17 ans pr\u00e9sentant <strong>\u00ab\u00a0une blessure grave \u00e0 la gorge\u00a0\u00bb<\/strong> a \u00e9t\u00e9 pris en charge par les secours et hospitalis\u00e9, a appris <a href=\"https:\/\/actu.fr\/toulouse\/\" rel=\"nofollow noopener\" target=\"_blank\">Actu Toulouse<\/a>.\u00a0<\/p>\n<p>Agression \u00e0 l\u2019arme blanche\u00a0<\/p>\n<p class=\" wall-content\">Les faits se sont d\u00e9roul\u00e9s ce samedi 4 octobre 2025 dans le quartier Empalot, \u00e0 Toulouse. Appel\u00e9s \u00e0 17h33, les sapeurs-pompiers sont intervenus <a href=\"https:\/\/actu.fr\/occitanie\/toulouse_31555\/toulouse-pourquoi-cette-place-quasiment-toute-neuve-est-deja-en-partie-demolie-une-facture-a-450-000-euros_62333660.html\" rel=\"nofollow noopener\" target=\"_blank\">place Aline Viadieu<\/a> \u00ab\u00a0\u00e0 la suite d\u2019une <strong>agression \u00e0 l\u2019arme blanche sur la voie publique<\/strong>\u00ab\u00a0, indique le Centre op\u00e9rationnel d\u00e9partemental d\u2019incendie et de secours (Codis 31).\u00a0<\/p>\n<p>La victime, un jeune homme de 17 ans<\/p>\n<p class=\" wall-content\">La victime,<strong> \u00ab\u00a0un mineur \u00e2g\u00e9 de 17 ans\u00a0\u00bb <\/strong>pr\u00e9sentait \u00ab\u00a0<strong>une blessure grave au niveau de la gorge<\/strong>\u00ab\u00a0, pr\u00e9cisent les secours. Le jeune homme a \u00e9t\u00e9 pris en charge et<strong> m\u00e9dicalis\u00e9 sur place<\/strong> par une \u00e9quipe du SMUR, avant d\u2019\u00eatre<strong> transport\u00e9 \u00e0 l\u2019h\u00f4pital<\/strong>.\u00a0<\/p>\n<p>Agression au cutter ?\u00a0<\/p>\n<p class=\" wall-content\">D\u2019apr\u00e8s nos informations, la victime pourrait avoir \u00e9t\u00e9 agress\u00e9e \u00e0 coups de <strong>cutter<\/strong> et pr\u00e9senterait <strong>des plaies \u00e0 la gorge et au ventre<\/strong>. Cette agression, dont on ignore \u00e0 cette heure les circonstances pr\u00e9cises, aurait eu lieu <strong>\u00e0 la suite diff\u00e9rend<\/strong> survenu devant un salon de coiffure, situ\u00e9 sur la place. Une enqu\u00eate a \u00e9t\u00e9 ouverte par la police.<\/p>\n<p class=\" wall-content\">Plus d\u2019informations \u00e0 venir sur Actu Toulouse\u2026<\/p>\n<p class=\" wall-content\">Personnalisez votre actualit\u00e9 en ajoutant vos villes et m\u00e9dias en favori avec <a href=\"https:\/\/moncompte.actu.fr\" title=\"D\u00e9couvez Mon Actu\" rel=\"nofollow noopener\" data-trk=\"{&quot;cta&quot;:{&quot;action&quot;:&quot;https:\\\/\\\/moncompte.actu.fr&quot;,&quot;category&quot;:&quot;mon compte&quot;,&quot;from&quot;:&quot;article footer&quot;,&quot;name&quot;:&quot;Mon actu&quot;,&quot;type&quot;:&quot;cta&quot;}}\" target=\"_blank\">Mon Actu<\/a>.<\/p>\n","protected":false},"excerpt":{"rendered":"Par Gabriel Kenedi Publi\u00e9 le 4 oct. 2025 \u00e0 19h30 Un jeune homme de 17 ans pr\u00e9sentant \u00ab\u00a0une&hellip;\n","protected":false},"author":2,"featured_media":235932,"comment_status":"","ping_status":"","sticky":false,"template":"","format":"standard","meta":{"footnotes":""},"categories":[2816],"tags":[1111,11,1777,674,118,1011,27,12,2680,1072,1311,25,2312],"class_list":{"0":"post-439212","1":"post","2":"type-post","3":"status-publish","4":"format-standard","5":"has-post-thumbnail","7":"category-toulouse","8":"tag-actu","9":"tag-actualites","10":"tag-eu","11":"tag-europe","12":"tag-faits-divers","13":"tag-fr","14":"tag-france","15":"tag-news","16":"tag-occitanie","17":"tag-police","18":"tag-pompiers","19":"tag-republique-francaise","20":"tag-toulouse"},"share_on_mastodon":{"url":"https:\/\/pubeurope.com\/@fr\/115317422521115457","error":""},"_links":{"self":[{"href":"https:\/\/www.europesays.com\/fr\/wp-json\/wp\/v2\/posts\/439212","targetHints":{"allow":["GET"]}}],"collection":[{"href":"https:\/\/www.europesays.com\/fr\/wp-json\/wp\/v2\/posts"}],"about":[{"href":"https:\/\/www.europesays.com\/fr\/wp-json\/wp\/v2\/types\/post"}],"author":[{"embeddable":true,"href":"https:\/\/www.europesays.com\/fr\/wp-json\/wp\/v2\/users\/2"}],"replies":[{"embeddable":true,"href":"https:\/\/www.europesays.com\/fr\/wp-json\/wp\/v2\/comments?post=439212"}],"version-history":[{"count":0,"href":"https:\/\/www.europesays.com\/fr\/wp-json\/wp\/v2\/posts\/439212\/revisions"}],"wp:featuredmedia":[{"embeddable":true,"href":"https:\/\/www.europesays.com\/fr\/wp-json\/wp\/v2\/media\/235932"}],"wp:attachment":[{"href":"https:\/\/www.europesays.com\/fr\/wp-json\/wp\/v2\/media?parent=439212"}],"wp:term":[{"taxonomy":"category","embeddable":true,"href":"https:\/\/www.europesays.com\/fr\/wp-json\/wp\/v2\/categories?post=439212"},{"taxonomy":"post_tag","embeddable":true,"href":"https:\/\/www.europesays.com\/fr\/wp-json\/wp\/v2\/tags?post=439212"}],"curies":[{"name":"wp","href":"https:\/\/api.w.org\/{rel}","templated":true}]}}