{"id":439215,"date":"2025-10-04T18:58:12","date_gmt":"2025-10-04T18:58:12","guid":{"rendered":"https:\/\/www.europesays.com\/fr\/439215\/"},"modified":"2025-10-04T18:58:12","modified_gmt":"2025-10-04T18:58:12","slug":"lille-psg-de-coquelles-a-lievin-lincroyable-ascension-de-lucas-chevalier-gamin-surdoue-qui-fait-la-fierte-du-nord","status":"publish","type":"post","link":"https:\/\/www.europesays.com\/fr\/439215\/","title":{"rendered":"Lille-PSG\u00a0: de Coquelles \u00e0 Li\u00e9vin, l\u2019incroyable ascension de Lucas Chevalier, gamin surdou\u00e9 qui fait la fiert\u00e9 du Nord"},"content":{"rendered":"<p class=\"paragraph text_align_left lp-f-body-02\">\u00c0 chaque coin de rue, Lucas n\u2019a laiss\u00e9 que de bons souvenirs et personne n\u2019a oubli\u00e9 ce gamin qui partait jouer avec son ballon sans vraiment imaginer qu\u2019un jour il finirait professionnel. \u00ab Avec son fr\u00e8re, ils pouvaient rester des heures \u00e0 faire des frappes sur le terrain. Je demandais \u00e0 fermer le portail, mais ils sautaient par-dessus et leur p\u00e8re savait tr\u00e8s bien o\u00f9 ils \u00e9taient partis \u00bb, se rem\u00e9more Michel Hardies, le pr\u00e9sident du SC Coquelles, premier club de Lucas.<\/p>\n","protected":false},"excerpt":{"rendered":"\u00c0 chaque coin de rue, Lucas n\u2019a laiss\u00e9 que de bons souvenirs et personne n\u2019a oubli\u00e9 ce gamin&hellip;\n","protected":false},"author":2,"featured_media":439216,"comment_status":"","ping_status":"","sticky":false,"template":"","format":"standard","meta":{"footnotes":""},"categories":[2815],"tags":[1111,11,459,1777,674,63,1011,27,811,1307,12,93,25,60],"class_list":{"0":"post-439215","1":"post","2":"type-post","3":"status-publish","4":"format-standard","5":"has-post-thumbnail","7":"category-lille","8":"tag-actu","9":"tag-actualites","10":"tag-departements-horsidfo","11":"tag-eu","12":"tag-europe","13":"tag-football","14":"tag-fr","15":"tag-france","16":"tag-hauts-de-france","17":"tag-lille","18":"tag-news","19":"tag-psg","20":"tag-republique-francaise","21":"tag-sports"},"share_on_mastodon":{"url":"https:\/\/pubeurope.com\/@fr\/115317434283197317","error":""},"_links":{"self":[{"href":"https:\/\/www.europesays.com\/fr\/wp-json\/wp\/v2\/posts\/439215","targetHints":{"allow":["GET"]}}],"collection":[{"href":"https:\/\/www.europesays.com\/fr\/wp-json\/wp\/v2\/posts"}],"about":[{"href":"https:\/\/www.europesays.com\/fr\/wp-json\/wp\/v2\/types\/post"}],"author":[{"embeddable":true,"href":"https:\/\/www.europesays.com\/fr\/wp-json\/wp\/v2\/users\/2"}],"replies":[{"embeddable":true,"href":"https:\/\/www.europesays.com\/fr\/wp-json\/wp\/v2\/comments?post=439215"}],"version-history":[{"count":0,"href":"https:\/\/www.europesays.com\/fr\/wp-json\/wp\/v2\/posts\/439215\/revisions"}],"wp:featuredmedia":[{"embeddable":true,"href":"https:\/\/www.europesays.com\/fr\/wp-json\/wp\/v2\/media\/439216"}],"wp:attachment":[{"href":"https:\/\/www.europesays.com\/fr\/wp-json\/wp\/v2\/media?parent=439215"}],"wp:term":[{"taxonomy":"category","embeddable":true,"href":"https:\/\/www.europesays.com\/fr\/wp-json\/wp\/v2\/categories?post=439215"},{"taxonomy":"post_tag","embeddable":true,"href":"https:\/\/www.europesays.com\/fr\/wp-json\/wp\/v2\/tags?post=439215"}],"curies":[{"name":"wp","href":"https:\/\/api.w.org\/{rel}","templated":true}]}}