{"id":439219,"date":"2025-10-04T19:00:18","date_gmt":"2025-10-04T19:00:18","guid":{"rendered":"https:\/\/www.europesays.com\/fr\/439219\/"},"modified":"2025-10-04T19:00:18","modified_gmt":"2025-10-04T19:00:18","slug":"cest-ma-meilleure-periode-depuis-que-je-suis-a-marseille-savoure-roberto-de-zerbi","status":"publish","type":"post","link":"https:\/\/www.europesays.com\/fr\/439219\/","title":{"rendered":"\u00abC\u2019est ma meilleure p\u00e9riode depuis que je suis \u00e0 Marseille\u00bb, savoure Roberto De Zerbi"},"content":{"rendered":"<p>L\u2019OM a entretenu samedi sa superbe dynamique en s\u2019imposant largement \u00e0 Metz (3-0), ce qui lui permet de reprendre la t\u00eate de la Ligue 1 avant les autres rencontres de la septi\u00e8me journ\u00e9e.<\/p>\n<p class=\"fig-paragraph\">\u00abC&rsquo;est ma meilleure p\u00e9riode depuis que je suis \u00e0 Marseille\u00bb, s&rsquo;est r\u00e9joui l&rsquo;entra\u00eeneur\u00a0<a href=\"https:\/\/video.lefigaro.fr\/figaro\/sports\/om-psg-roberto-de-zerbi-epingle-la-presse-parisienne-20251003\" data-fig-type=\"Video\" data-gtm-custom-categorie=\"navigation\" data-gtm-custom-action=\"crossclick\" data-gtm-custom-label=\"Contextuel\" data-gtm-event=\"customEventSPE\" data-fig-domain=\"LEFIGARO\" target=\"_blank\" rel=\"noopener\">Roberto De Zerbi<\/a>\u00a0apr\u00e8s\u00a0<a href=\"http:\/\/www.lefigaro.fr\/sports\/football\/ligue-1\/ligue-1-vainqueur-a-metz-marseille-poursuit-sur-sa-lancee-et-grimpe-provisoirement-en-tete-20251004\" data-fig-type=\"NewsFlash\" data-gtm-custom-categorie=\"navigation\" data-gtm-custom-action=\"crossclick\" data-gtm-custom-label=\"Contextuel\" data-gtm-event=\"customEventSPE\" data-fig-domain=\"LEFIGARO\" target=\"_blank\" rel=\"noopener\">la d\u00e9monstration de son \u00e9quipe \u00e0 Metz (3-0)<\/a>\u00a0samedi apr\u00e8s-midi lors de<a href=\"https:\/\/www.lefigaro.fr\/sports\/football\/ligue-1\/calendrier-resultats?journee=7\" target=\"_blank\" rel=\"sponsored noopener\" data-gtm-custom-categorie=\"navigation\" data-gtm-custom-action=\"crossclick\" data-gtm-custom-label=\"Contextuel\" data-gtm-event=\"customEventSPE\">\u00a0la septi\u00e8me journ\u00e9e de Ligue 1<\/a>. Cette quatri\u00e8me victoire cons\u00e9cutive conclut une semaine id\u00e9ale pour le club phoc\u00e9en, qui a largement battu l&rsquo;Ajax Amsterdam (4-0) en Ligue des champions.<\/p>\n<p class=\"fig-paragraph\">\u00abJe suis tr\u00e8s content, (&#8230;) c&rsquo;est le genre de matchs qu&rsquo;on perdait l&rsquo;ann\u00e9e derni\u00e8re, on a pris en maturit\u00e9 et l&rsquo;\u00e9quipe est beaucoup plus forte maintenant, s&rsquo;est satisfait De Zerbi apr\u00e8s la rencontre. C&rsquo;est ma meilleure p\u00e9riode depuis que je suis \u00e0 Marseille, mais c&rsquo;est justement quand tout va bien qu&rsquo;il faut rester aux aguets.\u00bb Les Olympiens ont pris la t\u00eate de la Ligue 1 devant le Paris Saint-Germain et Lyon, qui peuvent la reprendre dimanche en cas de succ\u00e8s.<\/p>\n<p>                                    <a class=\"fig-a11y-skip a11y-hidden\" href=\"#fig-a11y-skip-main-inarticle\"><br \/>\n        Passer la publicit\u00e9<br \/>\n    <\/a><\/p>\n<p class=\"fig-paragraph\">\u00abL&rsquo;\u00e9quipe peut s&rsquo;am\u00e9liorer surtout dans la pression sans le ballon, qui n&rsquo;\u00e9tait pas excellente aujourd&rsquo;hui en premi\u00e8re p\u00e9riode, mais c&rsquo;\u00e9tait aussi de ma faute, a comment\u00e9 De Zerbi, interrog\u00e9 sur les axes de progression de son \u00e9quipe. Et dans la gestion des matchs. Individuellement, chacun doit s&rsquo;am\u00e9liorer.\u00bb Metz vit un d\u00e9but de saison diam\u00e9tralement oppos\u00e9, avec seulement deux points, pas le moindre succ\u00e8s et la derni\u00e8re place du classement.<\/p>\n<p class=\"fig-body-link\">\n            \u00c0 lire aussi<br \/>\n        <a class=\"fig-body-link__link\" href=\"http:\/\/www.lefigaro.fr\/sports\/football\/ligue-1\/metz-marseille-o-riley-le-chef-d-orchestre-le-recital-gouiri-angel-gomes-trop-timide-les-tops-et-flops-20251004\" data-fig-type=\"NewsFlash\" data-gtm-custom-categorie=\"navigation\" data-gtm-custom-action=\"crossclick\" data-gtm-custom-label=\"Contextuel\" data-gtm-event=\"customEventSPE\" data-fig-domain=\"LEFIGARO\" target=\"_blank\" rel=\"noopener\">Metz-Marseille\u00a0: O\u2019Riley le chef d\u2019orchestre, le r\u00e9cital Gouiri, Angel Gomes trop timide&#8230; Les tops et flops<br \/>\n    <\/a>\n<\/p>\n<p class=\"fig-paragraph\">Son entra\u00eeneur St\u00e9phane Le Mignan s&rsquo;est tout de m\u00eame dit \u00absatisfait de la premi\u00e8re p\u00e9riode\u00bb : \u00abOn arrive \u00e0 les contenir, on trouve la possibilit\u00e9 d&rsquo;\u00eatre dangereux. Le sch\u00e9ma \u00e9tait de continuer comme \u00e7a en deuxi\u00e8me p\u00e9riode. Ce but (1-0, Igor Paixao, 51e) vient trop vite dans cette deuxi\u00e8me p\u00e9riode avec en plus une situation o\u00f9 on perd le ballon.\u00bb<\/p>\n<p class=\"fig-paragraph\">En amont de la tr\u00eave internationale, le Breton estime que \u00abtout est li\u00e9 au jeu\u00bb. \u00abOn arrive \u00e0 ressortir par s\u00e9quences. Il faut continuer \u00e0 travailler dans ce sens-l\u00e0. C&rsquo;\u00e9tait contre Marseille, donc il faut relativiser. On a les capacit\u00e9s de se battre avec beaucoup d&rsquo;\u00e9quipes dans ce championnat. On a quinze jours pour mettre l&rsquo;\u00e9quipe dans de meilleures dispositions pour aller chercher un r\u00e9sultat \u00e0 Toulouse.\u00bb<\/p>\n","protected":false},"excerpt":{"rendered":"L\u2019OM a entretenu samedi sa superbe dynamique en s\u2019imposant largement \u00e0 Metz (3-0), ce qui lui permet de&hellip;\n","protected":false},"author":2,"featured_media":439220,"comment_status":"","ping_status":"","sticky":false,"template":"","format":"standard","meta":{"footnotes":""},"categories":[2814],"tags":[1111,11,1777,674,1011,27,884,12,1176,149,882,25],"class_list":{"0":"post-439219","1":"post","2":"type-post","3":"status-publish","4":"format-standard","5":"has-post-thumbnail","7":"category-marseille","8":"tag-actu","9":"tag-actualites","10":"tag-eu","11":"tag-europe","12":"tag-fr","13":"tag-france","14":"tag-marseille","15":"tag-news","16":"tag-olympique-de-marseille","17":"tag-om","18":"tag-provence-alpes-cote-dazur","19":"tag-republique-francaise"},"share_on_mastodon":{"url":"https:\/\/pubeurope.com\/@fr\/115317442109315439","error":""},"_links":{"self":[{"href":"https:\/\/www.europesays.com\/fr\/wp-json\/wp\/v2\/posts\/439219","targetHints":{"allow":["GET"]}}],"collection":[{"href":"https:\/\/www.europesays.com\/fr\/wp-json\/wp\/v2\/posts"}],"about":[{"href":"https:\/\/www.europesays.com\/fr\/wp-json\/wp\/v2\/types\/post"}],"author":[{"embeddable":true,"href":"https:\/\/www.europesays.com\/fr\/wp-json\/wp\/v2\/users\/2"}],"replies":[{"embeddable":true,"href":"https:\/\/www.europesays.com\/fr\/wp-json\/wp\/v2\/comments?post=439219"}],"version-history":[{"count":0,"href":"https:\/\/www.europesays.com\/fr\/wp-json\/wp\/v2\/posts\/439219\/revisions"}],"wp:featuredmedia":[{"embeddable":true,"href":"https:\/\/www.europesays.com\/fr\/wp-json\/wp\/v2\/media\/439220"}],"wp:attachment":[{"href":"https:\/\/www.europesays.com\/fr\/wp-json\/wp\/v2\/media?parent=439219"}],"wp:term":[{"taxonomy":"category","embeddable":true,"href":"https:\/\/www.europesays.com\/fr\/wp-json\/wp\/v2\/categories?post=439219"},{"taxonomy":"post_tag","embeddable":true,"href":"https:\/\/www.europesays.com\/fr\/wp-json\/wp\/v2\/tags?post=439219"}],"curies":[{"name":"wp","href":"https:\/\/api.w.org\/{rel}","templated":true}]}}