{"id":439221,"date":"2025-10-04T19:01:18","date_gmt":"2025-10-04T19:01:18","guid":{"rendered":"https:\/\/www.europesays.com\/fr\/439221\/"},"modified":"2025-10-04T19:01:18","modified_gmt":"2025-10-04T19:01:18","slug":"un-mort-et-deux-blesses-dans-un-accident-a-la-part-dieu","status":"publish","type":"post","link":"https:\/\/www.europesays.com\/fr\/439221\/","title":{"rendered":"un mort et deux bless\u00e9s dans un accident \u00e0 la Part-Dieu"},"content":{"rendered":"<p>            Par<br \/>\n        <strong><br \/>\n            <a href=\"https:\/\/actu.fr\/auteur\/redaction-lyon\" title=\"Consulter tous les articles de R\u00e9daction Lyon\" target=\"_blank\" rel=\"noopener\">R\u00e9daction Lyon<\/a><br \/>\n        <\/strong><\/p>\n<p>        Publi\u00e9 le<\/p>\n<p>            4 oct. 2025 \u00e0 17h36        <\/p>\n<p>Un terrible bilan : un accident de la route a fait <strong>un mort et deux bless\u00e9s dont un grave<\/strong> vendredi 3 octobre 2025 \u00e0 <a href=\"https:\/\/actu.fr\/auvergne-rhone-alpes\/lyon_69123\" target=\"_blank\" rel=\"noopener\">Lyon<\/a>, <strong>avenue Lacassagne<\/strong> dans le 3e arrondissement. Vers 19h, une pi\u00e9tonne a \u00e9t\u00e9 fauch\u00e9e.<\/p>\n<p class=\" wall-content\">Une voiture et une moto sont impliqu\u00e9es dans le drame mais on ignore le d\u00e9roul\u00e9 pr\u00e9cis de l\u2019accident.\u00a0<\/p>\n<p>La femme fauch\u00e9e sur le trottoir est d\u00e9c\u00e9d\u00e9e<\/p>\n<p class=\" wall-content\">\u00ab\u00a0On a vu la femme voler, c\u2019\u00e9tait terrible\u00a0\u00bb, affirme un riverain qui a vu une partie de la sc\u00e8ne, interrog\u00e9e par actu Lyon, et confirmant une information du <a href=\"https:\/\/c.leprogres.fr\/faits-divers-justice\/2025\/10\/03\/on-a-vu-une-dame-voler-un-violent-accident-entre-une-voiture-et-une-moto-fait-deux-blesses-graves\" target=\"_blank\" rel=\"noopener\">Progr\u00e8s<\/a> publi\u00e9e vendredi. La victime a \u00e9t\u00e9 percut\u00e9e sur le trottoir de cette avenue tr\u00e8s passante dans le quartier de la Part-Dieu.<\/p>\n<p class=\" wall-content\">\u00ab\u00a0Il y avait des pompiers partout avec le Samu\u00a0\u00bb, affirme une voisine du 15 avenue Lacassagne. L\u2019accident a eu lieu devant de nombreux t\u00e9moins pi\u00e9tons ou automobilistes. La circulation est dense dans ce secteur le vendredi soir. Selon des personnes pr\u00e9sentes sur place, c\u2019est la vitesse tr\u00e8s \u00e9lev\u00e9e de la moto qui pourrait \u00eatre en cause.<\/p>\n<p>    <a href=\"https:\/\/www.google.com\/maps\/embed?pb=!1m18!1m12!1m3!1d6657.580931368865!2d4.860814607514402!3d45.75679832390363!2m3!1f0!2f0!3f0!3m2!1i1024!2i768!4f13.1!3m3!1m2!1s0x47f4ea7bc839d739%3A0x6c69e1beadfee999!2s15%20Av.%20Lacassagne%2C%2069003%20Lyon!5e1!3m2!1sfr!2sfr!4v1759591693760!5m2!1sfr!2sfr\" title=\"Ouvrie le lien\" target=\"_blank\" rel=\"noopener\">Cliquez ici pour visualiser le contenu<\/a><\/p>\n<p>La personne sur la moto entre la vie et la mort<\/p>\n<p class=\" wall-content\">La personne sur la moto est tr\u00e8s gravement bless\u00e9e et a \u00e9t\u00e9 prise en charge en urgence absolue, selon les pompiers. Son <strong>pronostic vital est engag\u00e9<\/strong>.<\/p>\n<p class=\" wall-content\">L\u2019automobiliste au volant d\u2019une Volkswagen est l\u00e9g\u00e8rement bless\u00e9 et a \u00e9t\u00e9 pris en charge en urgence relative.\u00a0<\/p>\n<p>Votre r\u00e9gion, votre actu !<\/p>\n<p>Recevez chaque jour les infos qui comptent pour vous.<\/p>\n<p>\t<a href=\"https:\/\/actu.fr\/newsletter\" class=\"ac-btn ac-btn--corner ac-btn--medium ac-btn--blue800\" target=\"_blank\" rel=\"noopener\">S&rsquo;incrire<\/a><\/p>\n<p class=\" wall-content\">Une enqu\u00eate de police est ouverte pour d\u00e9terminer les circonstances de l\u2019accident.<\/p>\n<p class=\" wall-content\">Personnalisez votre actualit\u00e9 en ajoutant vos villes et m\u00e9dias en favori avec <a href=\"https:\/\/moncompte.actu.fr\" title=\"D\u00e9couvez Mon Actu\" rel=\"nofollow noopener\" data-trk=\"{&quot;cta&quot;:{&quot;action&quot;:&quot;https:\\\/\\\/moncompte.actu.fr&quot;,&quot;category&quot;:&quot;mon compte&quot;,&quot;from&quot;:&quot;article footer&quot;,&quot;name&quot;:&quot;Mon actu&quot;,&quot;type&quot;:&quot;cta&quot;}}\" target=\"_blank\">Mon Actu<\/a>.<\/p>\n","protected":false},"excerpt":{"rendered":"Par R\u00e9daction Lyon Publi\u00e9 le 4 oct. 2025 \u00e0 17h36 Un terrible bilan : un accident de la&hellip;\n","protected":false},"author":2,"featured_media":439222,"comment_status":"","ping_status":"","sticky":false,"template":"","format":"standard","meta":{"footnotes":""},"categories":[1889],"tags":[119,1111,11,2430,1777,674,118,1011,27,2428,12,1072,25,5009],"class_list":{"0":"post-439221","1":"post","2":"type-post","3":"status-publish","4":"format-standard","5":"has-post-thumbnail","7":"category-lyon","8":"tag-accident","9":"tag-actu","10":"tag-actualites","11":"tag-auvergne-rhone-alpes","12":"tag-eu","13":"tag-europe","14":"tag-faits-divers","15":"tag-fr","16":"tag-france","17":"tag-lyon","18":"tag-news","19":"tag-police","20":"tag-republique-francaise","21":"tag-securite-routiere"},"share_on_mastodon":{"url":"https:\/\/pubeurope.com\/@fr\/115317445975522492","error":""},"_links":{"self":[{"href":"https:\/\/www.europesays.com\/fr\/wp-json\/wp\/v2\/posts\/439221","targetHints":{"allow":["GET"]}}],"collection":[{"href":"https:\/\/www.europesays.com\/fr\/wp-json\/wp\/v2\/posts"}],"about":[{"href":"https:\/\/www.europesays.com\/fr\/wp-json\/wp\/v2\/types\/post"}],"author":[{"embeddable":true,"href":"https:\/\/www.europesays.com\/fr\/wp-json\/wp\/v2\/users\/2"}],"replies":[{"embeddable":true,"href":"https:\/\/www.europesays.com\/fr\/wp-json\/wp\/v2\/comments?post=439221"}],"version-history":[{"count":0,"href":"https:\/\/www.europesays.com\/fr\/wp-json\/wp\/v2\/posts\/439221\/revisions"}],"wp:featuredmedia":[{"embeddable":true,"href":"https:\/\/www.europesays.com\/fr\/wp-json\/wp\/v2\/media\/439222"}],"wp:attachment":[{"href":"https:\/\/www.europesays.com\/fr\/wp-json\/wp\/v2\/media?parent=439221"}],"wp:term":[{"taxonomy":"category","embeddable":true,"href":"https:\/\/www.europesays.com\/fr\/wp-json\/wp\/v2\/categories?post=439221"},{"taxonomy":"post_tag","embeddable":true,"href":"https:\/\/www.europesays.com\/fr\/wp-json\/wp\/v2\/tags?post=439221"}],"curies":[{"name":"wp","href":"https:\/\/api.w.org\/{rel}","templated":true}]}}