{"id":439223,"date":"2025-10-04T19:02:16","date_gmt":"2025-10-04T19:02:16","guid":{"rendered":"https:\/\/www.europesays.com\/fr\/439223\/"},"modified":"2025-10-04T19:02:16","modified_gmt":"2025-10-04T19:02:16","slug":"en-direct-ubb-lyon-pour-bordeaux-begles-simposer-et-enfin-seduire","status":"publish","type":"post","link":"https:\/\/www.europesays.com\/fr\/439223\/","title":{"rendered":"EN DIRECT &#8211; UBB-Lyon : pour Bordeaux-B\u00e8gles, s\u2019imposer et enfin s\u00e9duire"},"content":{"rendered":"<p class=\"fig-paragraph\">Apr\u00e8s son match face \u00e0 Pau en tant que troisi\u00e8me-ligne centre, l\u2019international Micka\u00ebl Guillard retrouve son poste de pr\u00e9dilection, en num\u00e9ro 5. La charni\u00e8re Cassang-Berdeu plac\u00e9e sur le banc, le jeune Gonzalez (premi\u00e8re titularisation en Top 14) et l\u2019ouvreur irlandais Jackson guideront les Lyonnais \u00e0 Chaban-Delmas. Sur l\u2019aile droite, l\u2019insaisissable Wainiqolo, arriv\u00e9 en provenance de Toulon cet \u00e9t\u00e9, sera un des grands atouts du LOU pour faire chavirer l\u2019UBB.<\/p>\n<p class=\"fig-paragraph\"><strong>Le XV de d\u00e9part de Lyon\u00a0:<\/strong> Tchaptchet &#8211; Wainiqolo, Maraku, 12. Millet (cap.), Ioane &#8211; Jackson, Gonzalez &#8211; Allen, Simmonds, Okuya &#8211; Guillard, William &#8211; Ainsley, Marchand, Moukoro<\/p>\n<p class=\"fig-paragraph\"><strong>Rempla\u00e7ants\u00a0: <\/strong>Sarragallet, Rey, Roux, Saginadze, Cassang, Berdeu, Mathiron, Aptsiauri<\/p>\n","protected":false},"excerpt":{"rendered":"Apr\u00e8s son match face \u00e0 Pau en tant que troisi\u00e8me-ligne centre, l\u2019international Micka\u00ebl Guillard retrouve son poste de&hellip;\n","protected":false},"author":2,"featured_media":439224,"comment_status":"","ping_status":"","sticky":false,"template":"","format":"standard","meta":{"footnotes":""},"categories":[1889],"tags":[1111,11,2430,525,4590,1981,2313,814,1777,674,1011,27,2428,955,12,4589,2311,25,1980,479,2259,478,2310,2312],"class_list":{"0":"post-439223","1":"post","2":"type-post","3":"status-publish","4":"format-standard","5":"has-post-thumbnail","7":"category-lyon","8":"tag-actu","9":"tag-actualites","10":"tag-auvergne-rhone-alpes","11":"tag-calendrier","12":"tag-championnat-france","13":"tag-classement","14":"tag-clermont","15":"tag-direct","16":"tag-eu","17":"tag-europe","18":"tag-fr","19":"tag-france","20":"tag-lyon","21":"tag-match","22":"tag-news","23":"tag-phase-finale","24":"tag-racing","25":"tag-republique-francaise","26":"tag-resultats","27":"tag-rugby","28":"tag-score","29":"tag-top-14","30":"tag-toulon","31":"tag-toulouse"},"share_on_mastodon":{"url":"https:\/\/pubeurope.com\/@fr\/115317449850677692","error":""},"_links":{"self":[{"href":"https:\/\/www.europesays.com\/fr\/wp-json\/wp\/v2\/posts\/439223","targetHints":{"allow":["GET"]}}],"collection":[{"href":"https:\/\/www.europesays.com\/fr\/wp-json\/wp\/v2\/posts"}],"about":[{"href":"https:\/\/www.europesays.com\/fr\/wp-json\/wp\/v2\/types\/post"}],"author":[{"embeddable":true,"href":"https:\/\/www.europesays.com\/fr\/wp-json\/wp\/v2\/users\/2"}],"replies":[{"embeddable":true,"href":"https:\/\/www.europesays.com\/fr\/wp-json\/wp\/v2\/comments?post=439223"}],"version-history":[{"count":0,"href":"https:\/\/www.europesays.com\/fr\/wp-json\/wp\/v2\/posts\/439223\/revisions"}],"wp:featuredmedia":[{"embeddable":true,"href":"https:\/\/www.europesays.com\/fr\/wp-json\/wp\/v2\/media\/439224"}],"wp:attachment":[{"href":"https:\/\/www.europesays.com\/fr\/wp-json\/wp\/v2\/media?parent=439223"}],"wp:term":[{"taxonomy":"category","embeddable":true,"href":"https:\/\/www.europesays.com\/fr\/wp-json\/wp\/v2\/categories?post=439223"},{"taxonomy":"post_tag","embeddable":true,"href":"https:\/\/www.europesays.com\/fr\/wp-json\/wp\/v2\/tags?post=439223"}],"curies":[{"name":"wp","href":"https:\/\/api.w.org\/{rel}","templated":true}]}}