{"id":439225,"date":"2025-10-04T19:04:12","date_gmt":"2025-10-04T19:04:12","guid":{"rendered":"https:\/\/www.europesays.com\/fr\/439225\/"},"modified":"2025-10-04T19:04:12","modified_gmt":"2025-10-04T19:04:12","slug":"la-circulation-du-rer-e-en-partie-interrompue-apres-un-accident-de-personne","status":"publish","type":"post","link":"https:\/\/www.europesays.com\/fr\/439225\/","title":{"rendered":"la circulation du RER E en partie interrompue apr\u00e8s un accident de personne"},"content":{"rendered":"<p>            Par<br \/>\n        <strong><br \/>\n            <a href=\"https:\/\/actu.fr\/auteur\/glenn-gillet\" title=\"Consulter tous les articles de Glenn Gillet\" rel=\"nofollow noopener\" target=\"_blank\">Glenn Gillet<\/a><br \/>\n        <\/strong><\/p>\n<p>        Publi\u00e9 le<\/p>\n<p>            4 oct. 2025 \u00e0 16h09<br \/>\n        ; mis \u00e0 jour le 4 oct. 2025 \u00e0 17h04    <\/p>\n<p>Mise \u00e0 jour \u00e0 17h : le trafic \u00ab\u00a0va pouvoir reprendre dans le sens vers Paris mais avec la non desserte de Bondy\u00a0\u00bb et avec \u00ab\u00a0des retards et suppression sur l\u2019axe Chelles\u00a0\u00bb, selon la SNCF.<\/p>\n<p class=\" wall-content\">Grosses perturbations sur le <a href=\"https:\/\/actu.fr\/tag\/rer-e\" rel=\"nofollow noopener\" target=\"_blank\">RER E<\/a>. La circulation a \u00e9t\u00e9 <strong>interrompue<\/strong> ce samedi 4 octobre 2025 sur la ligne en Seine-Saint-Denis, <strong>entre Pantin et Le Ch\u00e9nay Gagny<\/strong>, \u00ab\u2009du fait d\u2019un <a href=\"https:\/\/actu.fr\/tag\/accident-grave-de-voyageur\" rel=\"nofollow noopener\" target=\"_blank\">accident de personne<\/a> \u00e0 Bondy\u2009\u00bb, a annonc\u00e9 la <a href=\"https:\/\/actu.fr\/tag\/sncf\" rel=\"nofollow noopener\" target=\"_blank\">SNCF<\/a> sur le r\u00e9seau X. Le trafic est par ailleurs \u00ab\u2009perturb\u00e9\u2009\u00bb sur le reste de la ligne.<\/p>\n<p>Reprise imminente du trafic<\/p>\n<p class=\" wall-content\">\n<p class=\" wall-content\">La SNCF indiquait \u00e0 16h48 que, le trafic \u00ab\u00a0<strong>va pouvoir reprendre<\/strong> dans le sens vers Paris mais avec la non desserte de Bondy\u00a0\u00bb et avec \u00ab\u00a0des retards et suppressions sur l\u2019axe Chelles\u00a0\u00bb.<\/p>\n<p class=\" wall-content\">Le gestionnaire de la ligne explique que les pompiers et le SAMU sont sur place et que \u00ab\u00a0l\u2019enqu\u00eate de la <strong>police judiciaire<\/strong> est actuellement en cours\u00a0\u00bb. En parall\u00e8le, les agents SNCF \u00ab\u00a0prennent en charge les voyageurs pr\u00e9sents en gare\u00a0\u00bb de Bondy.<\/p>\n<p class=\" wall-content\">Personnalisez votre actualit\u00e9 en ajoutant vos villes et m\u00e9dias en favori avec <a href=\"https:\/\/moncompte.actu.fr\" title=\"D\u00e9couvez Mon Actu\" rel=\"nofollow noopener\" data-trk=\"{&quot;cta&quot;:{&quot;action&quot;:&quot;https:\\\/\\\/moncompte.actu.fr&quot;,&quot;category&quot;:&quot;mon compte&quot;,&quot;from&quot;:&quot;article footer&quot;,&quot;name&quot;:&quot;Mon actu&quot;,&quot;type&quot;:&quot;cta&quot;}}\" target=\"_blank\">Mon Actu<\/a>.<\/p>\n","protected":false},"excerpt":{"rendered":"Par Glenn Gillet Publi\u00e9 le 4 oct. 2025 \u00e0 16h09 ; mis \u00e0 jour le 4 oct. 2025&hellip;\n","protected":false},"author":2,"featured_media":439226,"comment_status":"","ping_status":"","sticky":false,"template":"","format":"standard","meta":{"footnotes":""},"categories":[1592],"tags":[7757,1111,11,1777,674,1011,27,662,12,626,25,8691,2215,104],"class_list":{"0":"post-439225","1":"post","2":"type-post","3":"status-publish","4":"format-standard","5":"has-post-thumbnail","7":"category-ile-de-france","8":"tag-accident-grave-de-voyageur","9":"tag-actu","10":"tag-actualites","11":"tag-eu","12":"tag-europe","13":"tag-fr","14":"tag-france","15":"tag-ile-de-france","16":"tag-news","17":"tag-paris","18":"tag-republique-francaise","19":"tag-rer-e","20":"tag-sncf","21":"tag-societe"},"share_on_mastodon":{"url":"https:\/\/pubeurope.com\/@fr\/115317457875096391","error":""},"_links":{"self":[{"href":"https:\/\/www.europesays.com\/fr\/wp-json\/wp\/v2\/posts\/439225","targetHints":{"allow":["GET"]}}],"collection":[{"href":"https:\/\/www.europesays.com\/fr\/wp-json\/wp\/v2\/posts"}],"about":[{"href":"https:\/\/www.europesays.com\/fr\/wp-json\/wp\/v2\/types\/post"}],"author":[{"embeddable":true,"href":"https:\/\/www.europesays.com\/fr\/wp-json\/wp\/v2\/users\/2"}],"replies":[{"embeddable":true,"href":"https:\/\/www.europesays.com\/fr\/wp-json\/wp\/v2\/comments?post=439225"}],"version-history":[{"count":0,"href":"https:\/\/www.europesays.com\/fr\/wp-json\/wp\/v2\/posts\/439225\/revisions"}],"wp:featuredmedia":[{"embeddable":true,"href":"https:\/\/www.europesays.com\/fr\/wp-json\/wp\/v2\/media\/439226"}],"wp:attachment":[{"href":"https:\/\/www.europesays.com\/fr\/wp-json\/wp\/v2\/media?parent=439225"}],"wp:term":[{"taxonomy":"category","embeddable":true,"href":"https:\/\/www.europesays.com\/fr\/wp-json\/wp\/v2\/categories?post=439225"},{"taxonomy":"post_tag","embeddable":true,"href":"https:\/\/www.europesays.com\/fr\/wp-json\/wp\/v2\/tags?post=439225"}],"curies":[{"name":"wp","href":"https:\/\/api.w.org\/{rel}","templated":true}]}}