{"id":439227,"date":"2025-10-04T19:05:14","date_gmt":"2025-10-04T19:05:14","guid":{"rendered":"https:\/\/www.europesays.com\/fr\/439227\/"},"modified":"2025-10-04T19:05:14","modified_gmt":"2025-10-04T19:05:14","slug":"facile-vainqueur-a-metz-lom-prend-provisoirement-la-tete-de-la-ligue-1","status":"publish","type":"post","link":"https:\/\/www.europesays.com\/fr\/439227\/","title":{"rendered":"facile vainqueur \u00e0 Metz, l&rsquo;OM prend provisoirement la t\u00eate de la Ligue 1"},"content":{"rendered":"\n<p class=\"c-chapo \">\n  Le club phoc\u00e9en a enfonc\u00e9 la lanterne rouge (3-0) gr\u00e2ce \u00e0 une deuxi\u00e8me p\u00e9riode largement ma\u00eetris\u00e9e, samedi, \u00e0 Saint-Symphorien.\n<\/p>\n<p>      lire plus tard<\/p>\n<p id=\"dialog__title\" class=\"dialog__title\">Pour sauvegarder cet article, connectez-vous ou cr\u00e9ez un compte franceinfo<\/p>\n<p class=\"dialog__description\">Sans paiement. Sans abonnement.<\/p>\n<p>        Fermer la fen\u00eatre d\u2019activation des notifications France Info<\/p>\n<p>      cr\u00e9er votre compte<\/p>\n<p>      se connecter<\/p>\n<p>        Fermer la fen\u00eatre de pr\u00e9sentation<\/p>\n<p>    <img loading=\"lazy\" decoding=\"async\" class=\"signature__image lazyload\" width=\"100\" height=\"100\" data- alt=\"\" src=\"https:\/\/www.europesays.com\/fr\/wp-content\/uploads\/2025\/05\/logosport1-65fdc209c3726464026706.png\"\/><\/p>\n<p>          France T\u00e9l\u00e9visions &#8211; R\u00e9daction Sport<\/p>\n<p>    Publi\u00e9 le 04\/10\/2025 19:08<\/p>\n<p>        Temps de lecture : 1min<\/p>\n<p>    <img decoding=\"async\"  alt=\"Igor Paixao f\u00eate son but avec l'OM contre Metz en Ligue 1 le 4 octobre 2025 au stade Saint-Symphorien. (JEAN-CHRISTOPHE VERHAEGEN \/ AFP)\" width=\"432\" height=\"243\" src=\"https:\/\/www.europesays.com\/fr\/wp-content\/uploads\/2025\/10\/000-77pt7hv-68e151e11686e365772019.jpg\" fetchpriority=\"high\"\/><\/p>\n<p>      Igor Paixao f\u00eate son but avec l&rsquo;OM contre Metz en Ligue 1 le 4 octobre 2025 au stade Saint-Symphorien. (JEAN-CHRISTOPHE VERHAEGEN \/ AFP)<\/p>\n<p>C&rsquo;est une semaine parfaite qui se conclut pour l&rsquo;Olympique de Marseille. Quatre jours apr\u00e8s sa <a href=\"https:\/\/www.franceinfo.fr\/sports\/foot\/ligue-des-champions\/ligue-des-champions-l-om-lessive-l-ajax-amsterdam-et-signe-sa-premiere-victoire-europeenne-de-la-saison_7523749.html\" rel=\"nofollow noopener\" target=\"_blank\">d\u00e9monstration de force en Ligue des champions contre l&rsquo;Ajax (4-0)<\/a>, l&rsquo;\u00e9quipe de Roberto de Zerbi s&rsquo;est encore promen\u00e9e, cette fois en Ligue 1, sur la pelouse de Metz (3-0), samedi 4 octobre. Si la faille n&rsquo;a pas \u00e9t\u00e9 trouv\u00e9e en premi\u00e8re p\u00e9riode, le bras de fer a \u00e9t\u00e9 gagn\u00e9 au retour des vestiaires gr\u00e2ce \u00e0 l&rsquo;impact des recrues estivales.<\/p>\n<p>Igor Paixao a d\u00e9bloqu\u00e9 la situation avec la complicit\u00e9 d&rsquo;un d\u00e9fenseur messin, dont la d\u00e9viation a tromp\u00e9 le gardien Jonathan Fischer (51e). Puis, c&rsquo;est Matthew O&rsquo;Riley qui a fait le break sur un service parait d&rsquo;un Amine Gouiri sorti du banc (69e). Enfin, les deux hommes ont \u00e9chang\u00e9 les r\u00f4les sur le dernier but, O&rsquo;Riley servant de relais \u00e0 Gouiri, en plein slalom dans un espace r\u00e9duit (76e). Critiqu\u00e9 pour son manque d&rsquo;efficacit\u00e9 depuis le d\u00e9but de la saison, ce dernier a enfin d\u00e9bloqu\u00e9 son compteur avec un premier but.<\/p>\n<p>La soir\u00e9e est parfaite pour les Phoc\u00e9ens, qui reviennent \u00e0 hauteur du PSG et de Lyon avec 15 points, mais les d\u00e9passent \u00e0 la diff\u00e9rence de buts, en attendant que ces deux clubs disputent leur match de la 7e journ\u00e9e de L1. De son c\u00f4t\u00e9, le FC Metz continue de plonger avec seulement deux points pris depuis le d\u00e9but de la saison, soit trois de moins que l&rsquo;avant-dernier du championnat. Face \u00e0 la tournure des \u00e9v\u00e9nements, des incidents ont \u00e9clat\u00e9 dans les tribunes de Saint-Symphorien en fin de match, provoquant une courte interruption du match.\u00a0<\/p>\n","protected":false},"excerpt":{"rendered":"Le club phoc\u00e9en a enfonc\u00e9 la lanterne rouge (3-0) gr\u00e2ce \u00e0 une deuxi\u00e8me p\u00e9riode largement ma\u00eetris\u00e9e, samedi, \u00e0&hellip;\n","protected":false},"author":2,"featured_media":439228,"comment_status":"","ping_status":"","sticky":false,"template":"","format":"standard","meta":{"footnotes":""},"categories":[1888],"tags":[1111,1928,11,1927,1777,674,1011,27,12,1926,626,1925,25],"class_list":{"0":"post-439227","1":"post","2":"type-post","3":"status-publish","4":"format-standard","5":"has-post-thumbnail","7":"category-paris","8":"tag-actu","9":"tag-actu-paris","10":"tag-actualites","11":"tag-actualites-paris","12":"tag-eu","13":"tag-europe","14":"tag-fr","15":"tag-france","16":"tag-news","17":"tag-news-paris","18":"tag-paris","19":"tag-paris-news","20":"tag-republique-francaise"},"share_on_mastodon":{"url":"https:\/\/pubeurope.com\/@fr\/115317462466510870","error":""},"_links":{"self":[{"href":"https:\/\/www.europesays.com\/fr\/wp-json\/wp\/v2\/posts\/439227","targetHints":{"allow":["GET"]}}],"collection":[{"href":"https:\/\/www.europesays.com\/fr\/wp-json\/wp\/v2\/posts"}],"about":[{"href":"https:\/\/www.europesays.com\/fr\/wp-json\/wp\/v2\/types\/post"}],"author":[{"embeddable":true,"href":"https:\/\/www.europesays.com\/fr\/wp-json\/wp\/v2\/users\/2"}],"replies":[{"embeddable":true,"href":"https:\/\/www.europesays.com\/fr\/wp-json\/wp\/v2\/comments?post=439227"}],"version-history":[{"count":0,"href":"https:\/\/www.europesays.com\/fr\/wp-json\/wp\/v2\/posts\/439227\/revisions"}],"wp:featuredmedia":[{"embeddable":true,"href":"https:\/\/www.europesays.com\/fr\/wp-json\/wp\/v2\/media\/439228"}],"wp:attachment":[{"href":"https:\/\/www.europesays.com\/fr\/wp-json\/wp\/v2\/media?parent=439227"}],"wp:term":[{"taxonomy":"category","embeddable":true,"href":"https:\/\/www.europesays.com\/fr\/wp-json\/wp\/v2\/categories?post=439227"},{"taxonomy":"post_tag","embeddable":true,"href":"https:\/\/www.europesays.com\/fr\/wp-json\/wp\/v2\/tags?post=439227"}],"curies":[{"name":"wp","href":"https:\/\/api.w.org\/{rel}","templated":true}]}}