{"id":439235,"date":"2025-10-04T19:09:17","date_gmt":"2025-10-04T19:09:17","guid":{"rendered":"https:\/\/www.europesays.com\/fr\/439235\/"},"modified":"2025-10-04T19:09:17","modified_gmt":"2025-10-04T19:09:17","slug":"calmez-vous-dormez-paisiblement-quand-poutine-se-moque-de-leurope","status":"publish","type":"post","link":"https:\/\/www.europesays.com\/fr\/439235\/","title":{"rendered":"\u00ab\u00a0Calmez-vous, dormez paisiblement\u00a0\u00bb : quand Poutine se moque de l&rsquo;Europe"},"content":{"rendered":"<ul class=\"jsx-862013697 ArticleChapo__List\">\n<li class=\"jsx-862013697 ArticleChapo__List_Item flex\">Vladimir Poutine a donn\u00e9 une grande conf\u00e9rence de presse jeudi 2 octobre \u00e0 Sotchi, en Russie.<\/li>\n<li class=\"jsx-862013697 ArticleChapo__List_Item flex\">Le dirigeant russe a vivement critiqu\u00e9 Emmanuel Macron et les Europ\u00e9ens et s&rsquo;est d\u00e9fendu d&rsquo;\u00eatre \u00ab\u00a0un tsar\u00a0\u00bb.<\/li>\n<\/ul>\n<p><a href=\"https:\/\/www.tf1info.fr\/actualite\/invasion-de-l-ukraine-par-la-russie-une-guerre-qui-dure-12951\/\" rel=\"noopener\" class=\"jsx-484472199 Link jsx-1428418400 jsx-554215408\" target=\"_blank\"><\/p>\n<p style=\"font-weight:400\" class=\"jsx-1837267516\">Suivez la couverture compl\u00e8te<\/p>\n<p style=\"font-weight:800\" class=\"jsx-1837267516\">Ukraine : 4\u1d49 ann\u00e9e de guerre<\/p>\n<p><\/a><\/p>\n<p data-module=\"article-paragraph\" class=\"jsx-3046738180 Paragraph\">La <a href=\"https:\/\/www.tf1info.fr\/international\/la-russie-face-a-l-europe-notre-unite-est-entre-plus-grande-force-mais-aussi-notre-plus-grande-faiblesse-assure-l-essayiste-adina-revol-2398490.html\" target=\"_blank\" rel=\"noopener\">tension entre Europ\u00e9ens et Moscou<\/a> ne faiblit pas, au contraire. Lors d&rsquo;une conf\u00e9rence de presse donn\u00e9e \u00e0 Sotchi, au bord de la mer Noire, jeudi 2 octobre, le dirigeant russe a r\u00e9pondu aux critiques en n&rsquo;h\u00e9sitant pas \u00e0 se montrer mena\u00e7ant.\u00a0<\/p>\n<p data-module=\"article-paragraph\" class=\"jsx-3046738180 Paragraph\">La premi\u00e8re de ses cibles ? <a href=\"https:\/\/www.tf1info.fr\/international\/dissuasion-nucleaire-emmanuel-macron-s-exprimera-debut-2026-sur-la-doctrine-francaise-en-cours-d-actualisation-2398022.html\" target=\"_blank\" rel=\"noopener\">Emmanuel Macron<\/a>. Quelques jours plus t\u00f4t, le pr\u00e9sident fran\u00e7ais avait appel\u00e9 \u00e0 \u00ab\u00a0accro\u00eetre la pression\u00a0\u00bb sur la flotte fant\u00f4me de la Russie. Selon Vladimir Poutine, Emmanuel Macron cherche ainsi \u00e0 les \u00ab\u00a0provoquer \u00e0 agir\u00a0\u00bb. Il l&rsquo;a ainsi compar\u00e9 \u00e0 Napol\u00e9on, sous les applaudissements de l&rsquo;assembl\u00e9e.<\/p>\n<p data-module=\"article-paragraph\" class=\"jsx-3046738180 Paragraph Paragraph__End\">De son c\u00f4t\u00e9, le pr\u00e9sident russe s&rsquo;est d\u00e9fendu de vouloir devenir le nouveau tsar d&rsquo;une grande Russie. \u00ab\u00a0Alexandre Ier \u00e9tait un empereur. Je suis un pr\u00e9sident \u00e9lu par le peuple pour un mandat d\u00e9termin\u00e9. Il y a une grande diff\u00e9rence\u00a0\u00bb, a-t-il affirm\u00e9.<\/p>\n<p><a href=\"https:\/\/www.tf1info.fr\/international\/guerre-en-ukraine-russie-une-riposte-europeenne-face-a-moscou-on-ecoute-les-russes-et-c-est-une-grosse-erreur-2397206.html\" rel=\"noopener\" class=\"jsx-3308031228 Link flex\" target=\"_blank\"><img decoding=\"async\" src=\"https:\/\/www.europesays.com\/fr\/wp-content\/uploads\/2025\/10\/riposte-europeenne-face-aux-russes-on-ecoute-les-russes-et-c-est-une-grosse-erreur-e16d99-0@1x.jpeg\" alt=\"Capture vid\u00e9o LCI\" loading=\"lazy\" importance=\"low\" fetchpriority=\"low\" class=\"\" aria-hidden=\"true\"\/><\/p>\n<p class=\"jsx-3657663356 ReadMoreArticle__Title\">Lire aussi<\/p>\n<p class=\"jsx-3657663356\">Une riposte europ\u00e9enne face \u00e0 Moscou ? \u00ab\u00a0On \u00e9coute les russes, et c&rsquo;est une grosse erreur\u00a0\u00bb<\/p>\n<p><\/a><\/p>\n<p data-module=\"article-paragraph\" class=\"jsx-3046738180 Paragraph\">En outre, le pr\u00e9sident russe a affirm\u00e9 que Moscou suivait \u00ab\u00a0de tr\u00e8s pr\u00e8s <a href=\"https:\/\/www.tf1info.fr\/international\/une-escalade-permanente-vladimir-poutine-promet-une-reponse-aux-menaces-de-l-europe-2398276.html\" target=\"_blank\" rel=\"noopener\">la militarisation croissante de l&rsquo;Europe\u00a0\u00bb<\/a>. \u00ab\u00a0Est-ce que ce sont de simples mots ou est-il temps pour nous de riposter ? Nous entendons et nous voyons. L&rsquo;Allemagne, par exemple, affirme que l&rsquo;arm\u00e9e allemande devrait redevenir la plus puissante d&rsquo;Europe. Tr\u00e8s bien, nous \u00e9coutons attentivement et voyons ce qu&rsquo;ils font\u00a0\u00bb, a-t-il d\u00e9clar\u00e9, \u00e9nigmatique.<\/p>\n<p data-module=\"article-paragraph\" class=\"jsx-3046738180 Paragraph Paragraph__End\">En r\u00e9ponse, Vladimir Poutine a \u00e9galement estim\u00e9 que les Europ\u00e9ens devraient davantage s&rsquo;occuper de ce quil se passe chez eux : \u00ab\u00a0Je dis aux Europ\u00e9ens, calmez-vous, dormez paisiblement, r\u00e9solvez enfin vos probl\u00e8mes\u00a0\u00bb, ironise-t-il. \u00ab\u00a0Regardez ce qui se passe dans les rues des villes europ\u00e9ennes, ce qui arrive \u00e0 l&rsquo;\u00e9conomie, \u00e0 l&rsquo;industrie, \u00e0 la culture et \u00e0 l&rsquo;identit\u00e9 europ\u00e9enne, avec les \u00e9normes dettes et la crise croissante des syst\u00e8mes de S\u00e9curit\u00e9 sociale qui \u00e9chappent au contr\u00f4le de l&rsquo;immigration, la mont\u00e9e de la violence, y compris la radicalisation politique des gauchistes, des ultralib\u00e9raux, des racistes et des marginaux de soci\u00e9t\u00e9\u00a0\u00bb, a-t-il list\u00e9. Le message est clair : occupez-vous de vos oignons.<\/p>\n<p>Emma ALLAMAND<\/p>\n","protected":false},"excerpt":{"rendered":"Vladimir Poutine a donn\u00e9 une grande conf\u00e9rence de presse jeudi 2 octobre \u00e0 Sotchi, en Russie. Le dirigeant&hellip;\n","protected":false},"author":2,"featured_media":439236,"comment_status":"","ping_status":"","sticky":false,"template":"","format":"standard","meta":{"footnotes":""},"categories":[1591],"tags":[1111,11,1921,1073,1887,1922,37193,12,1885,1886,132,1917,133,1920,135],"class_list":{"0":"post-439235","1":"post","2":"type-post","3":"status-publish","4":"format-standard","5":"has-post-thumbnail","7":"category-russie","8":"tag-actu","9":"tag-actualites","10":"tag-article-video","11":"tag-emmanuel-macron","12":"tag-federation-de-russie","13":"tag-info","14":"tag-lci-direct","15":"tag-news","16":"tag-russia","17":"tag-russian-federation","18":"tag-russie","19":"tag-ukraine-4-annee-de-guerre","20":"tag-video","21":"tag-video-international","22":"tag-vladimir-poutine"},"share_on_mastodon":{"url":"https:\/\/pubeurope.com\/@fr\/115317478061083109","error":""},"_links":{"self":[{"href":"https:\/\/www.europesays.com\/fr\/wp-json\/wp\/v2\/posts\/439235","targetHints":{"allow":["GET"]}}],"collection":[{"href":"https:\/\/www.europesays.com\/fr\/wp-json\/wp\/v2\/posts"}],"about":[{"href":"https:\/\/www.europesays.com\/fr\/wp-json\/wp\/v2\/types\/post"}],"author":[{"embeddable":true,"href":"https:\/\/www.europesays.com\/fr\/wp-json\/wp\/v2\/users\/2"}],"replies":[{"embeddable":true,"href":"https:\/\/www.europesays.com\/fr\/wp-json\/wp\/v2\/comments?post=439235"}],"version-history":[{"count":0,"href":"https:\/\/www.europesays.com\/fr\/wp-json\/wp\/v2\/posts\/439235\/revisions"}],"wp:featuredmedia":[{"embeddable":true,"href":"https:\/\/www.europesays.com\/fr\/wp-json\/wp\/v2\/media\/439236"}],"wp:attachment":[{"href":"https:\/\/www.europesays.com\/fr\/wp-json\/wp\/v2\/media?parent=439235"}],"wp:term":[{"taxonomy":"category","embeddable":true,"href":"https:\/\/www.europesays.com\/fr\/wp-json\/wp\/v2\/categories?post=439235"},{"taxonomy":"post_tag","embeddable":true,"href":"https:\/\/www.europesays.com\/fr\/wp-json\/wp\/v2\/tags?post=439235"}],"curies":[{"name":"wp","href":"https:\/\/api.w.org\/{rel}","templated":true}]}}