{"id":439248,"date":"2025-10-04T19:16:13","date_gmt":"2025-10-04T19:16:13","guid":{"rendered":"https:\/\/www.europesays.com\/fr\/439248\/"},"modified":"2025-10-04T19:16:13","modified_gmt":"2025-10-04T19:16:13","slug":"pourquoi-je-fais-ce-metier-le-manager-rochelais-ronan-ogara-abattu-apres-la-defaite-a-montpellier","status":"publish","type":"post","link":"https:\/\/www.europesays.com\/fr\/439248\/","title":{"rendered":"\u00abPourquoi je fais ce m\u00e9tier\u00a0?\u00bb, le manager rochelais, Ronan O\u2019Gara, abattu apr\u00e8s la d\u00e9faite \u00e0 Montpellier"},"content":{"rendered":"<p>Le Stade Rochelais s\u2019est inclin\u00e9 lourdement \u00e0 Montpellier, 37 \u00e0 13, ce samedi en ouverture de la 5e journ\u00e9e de Top 14.<\/p>\n<p class=\"fig-paragraph\">Le Stade Rochelais s\u2019est<a href=\"http:\/\/www.lefigaro.fr\/sports\/rugby\/top-14\/top-14-montpellier-ne-fait-qu-une-bouchee-de-la-rochelle-20251004\" data-fig-type=\"NewsFlash\" data-gtm-custom-categorie=\"navigation\" data-gtm-custom-action=\"crossclick\" data-gtm-custom-label=\"Contextuel\" data-gtm-event=\"customEventSPE\" data-fig-domain=\"LEFIGARO\" rel=\"nofollow noopener\" target=\"_blank\">\u00a0inclin\u00e9 lourdement \u00e0 Montpellier, 37 \u00e0 13<\/a>, ce samedi en ouverture de la 5e journ\u00e9e de Top 14, conc\u00e9dant le bonus offensif au MHR. Une performance qui n\u2019a pas \u00e9t\u00e9 du tout du go\u00fbt du manager irlandais des Maritimes.<\/p>\n<p class=\"fig-paragraph\">\u00abOn a fait une performance inacceptable. Je me pose la question de savoir pourquoi je fais ce m\u00e9tier, s\u2019est interrog\u00e9 en conf\u00e9rence de presse un Ronan O\u2019Gara particuli\u00e8rement d\u00e9pit\u00e9. Je dois me poser des questions sur ce que l\u2019on fait dans la semaine. Le mardi on est fort, le jeudi aussi mais \u00e7a, c\u2019est une honte pour notre sport, pour moi, les supporters et pour le club.\u00bb<\/p>\n<p>                                    <a class=\"fig-a11y-skip a11y-hidden\" href=\"#fig-a11y-skip-main-inarticle\"><br \/>\n        Passer la publicit\u00e9<br \/>\n    <\/a><\/p>\n<p>Aujourd\u2019hui, on a perdu beaucoup de respect et de cr\u00e9dibilit\u00e9<\/p>\n<p class=\"fig-paragraph\">Avant de conclure\u00a0: \u00abIl y a des dysfonctionnements partout. Il y a des choses urgentes \u00e0 travailler pour esp\u00e9rer regagner un match. Aujourd\u2019hui, on a perdu beaucoup de respect et de cr\u00e9dibilit\u00e9.\u00bb La crise couve au Stade Rochelais, seulement 10e au classement (2 victoires, 2 d\u00e9faites mais un match en retard \u00e0 Toulon \u00e0 disputer).<\/p>\n","protected":false},"excerpt":{"rendered":"Le Stade Rochelais s\u2019est inclin\u00e9 lourdement \u00e0 Montpellier, 37 \u00e0 13, ce samedi en ouverture de la 5e&hellip;\n","protected":false},"author":2,"featured_media":439249,"comment_status":"","ping_status":"","sticky":false,"template":"","format":"standard","meta":{"footnotes":""},"categories":[2],"tags":[11,1011,27,14987,12,25,22953,6365],"class_list":{"0":"post-439248","1":"post","2":"type-post","3":"status-publish","4":"format-standard","5":"has-post-thumbnail","7":"category-actualites","8":"tag-actualites","9":"tag-fr","10":"tag-france","11":"tag-mhr","12":"tag-news","13":"tag-republique-francaise","14":"tag-ronan-ogara","15":"tag-stade-rochelais"},"share_on_mastodon":{"url":"https:\/\/pubeurope.com\/@fr\/115317505033663580","error":""},"_links":{"self":[{"href":"https:\/\/www.europesays.com\/fr\/wp-json\/wp\/v2\/posts\/439248","targetHints":{"allow":["GET"]}}],"collection":[{"href":"https:\/\/www.europesays.com\/fr\/wp-json\/wp\/v2\/posts"}],"about":[{"href":"https:\/\/www.europesays.com\/fr\/wp-json\/wp\/v2\/types\/post"}],"author":[{"embeddable":true,"href":"https:\/\/www.europesays.com\/fr\/wp-json\/wp\/v2\/users\/2"}],"replies":[{"embeddable":true,"href":"https:\/\/www.europesays.com\/fr\/wp-json\/wp\/v2\/comments?post=439248"}],"version-history":[{"count":0,"href":"https:\/\/www.europesays.com\/fr\/wp-json\/wp\/v2\/posts\/439248\/revisions"}],"wp:featuredmedia":[{"embeddable":true,"href":"https:\/\/www.europesays.com\/fr\/wp-json\/wp\/v2\/media\/439249"}],"wp:attachment":[{"href":"https:\/\/www.europesays.com\/fr\/wp-json\/wp\/v2\/media?parent=439248"}],"wp:term":[{"taxonomy":"category","embeddable":true,"href":"https:\/\/www.europesays.com\/fr\/wp-json\/wp\/v2\/categories?post=439248"},{"taxonomy":"post_tag","embeddable":true,"href":"https:\/\/www.europesays.com\/fr\/wp-json\/wp\/v2\/tags?post=439248"}],"curies":[{"name":"wp","href":"https:\/\/api.w.org\/{rel}","templated":true}]}}