{"id":439260,"date":"2025-10-04T19:25:13","date_gmt":"2025-10-04T19:25:13","guid":{"rendered":"https:\/\/www.europesays.com\/fr\/439260\/"},"modified":"2025-10-04T19:25:13","modified_gmt":"2025-10-04T19:25:13","slug":"une-signature-de-tres-haut-niveau-est-confirmee-au-psg","status":"publish","type":"post","link":"https:\/\/www.europesays.com\/fr\/439260\/","title":{"rendered":"Une signature de \u00abtr\u00e8s haut niveau\u00bb est confirm\u00e9e au PSG !"},"content":{"rendered":"<p>                    Arthur Montagne<br \/>\n                        &#8211;<\/p>\n<p>Journaliste<\/p>\n<p>Affam\u00e9 de sport, il a grandi au son des moteurs de Formule 1 et des exploits de Ronaldinho. Aujourd\u2019hui, diplom\u00e9 d&rsquo;un Master de journalisme de sport, il ne rate plus un Grand Prix de F1 ni un match du PSG, ses deux passions et sp\u00e9cialit\u00e9s<\/p>\n<p class=\"heading\">En 2023, le PSG a d\u00e9cid\u00e9 de totalement changer de projet. Sous l&rsquo;impulsion de Luis Campos, Luis Enrique a ainsi d\u00e9barqu\u00e9 sur le banc parisien, et a m\u00eame prolong\u00e9 son bail entre temps jusqu&rsquo;en 2027. Et pour Xavi, c&rsquo;est une \u00e9norme signature r\u00e9alis\u00e9e par le PSG.<\/p>\n<p>C&rsquo;est probablement l&rsquo;un des plus jolis coups du <strong>PSG <\/strong>sous l&rsquo;\u00e8re QSI. En 2023, le club de la capitale d\u00e9cide de confier son \u00e9quipe \u00e0 Luis Enrique qui remplace donc <strong>Christophe Galtier<\/strong>. Un choix que les Parisiens ne regrettent \u00e9videmment pas compte tenu de la victoire en <strong>Ligue des champions<\/strong>. Mais m\u00eame avant cela, le technicien espagnol avait prolong\u00e9 son contrat jusqu&rsquo;en 2027. <strong>Xavi<\/strong>, qui a \u00e9volu\u00e9 sous les ordres de <a href=\"https:\/\/le10sport.com\/football\/mercato\/psg-luis-enrique-regle-le-malaise-apres-son-transfert-760035\" target=\"_blank\" rel=\"noopener\">Luis Enrique<\/a> lors de sa derni\u00e8re saison au <strong>Bar\u00e7a <\/strong>avant d&rsquo;aller au Qatar, reconna\u00eet d&rsquo;ailleurs qu&rsquo;il s&rsquo;agit de l&rsquo;un des meilleurs entra\u00eeneurs des dix derni\u00e8res ann\u00e9es.<\/p>\n<p>                                            Xavi s&rsquo;enflamme pour Luis Enrique<\/p>\n<p>\u00ab C&rsquo;est un entra\u00eeneur de tr\u00e8s haut niveau, qui a fait un excellent travail \u00e0 Barcelone. Nous avons remport\u00e9 le tripl\u00e9 avec lui et en jouant tr\u00e8s bien \u00bb, l\u00e2che l&rsquo;ancien milieu de terrain catalan dans une interview accord\u00e9e \u00e0 MARCA, avant de poursuivre.<\/p>\n<p>                                            \u00abC&rsquo;est un entra\u00eeneur de tr\u00e8s haut niveau\u00bb<\/p>\n<p>\u00ab C&rsquo;est un entra\u00eeneur exigeant, obs\u00e9d\u00e9 par le travail, qui vous pousse \u00e0 donner le meilleur de vous-m\u00eame, qui vous motive&#8230; L&rsquo;un des meilleurs de ces dix derni\u00e8res ann\u00e9es \u00bb, ajoute <strong>Xavi<\/strong>. <\/p>\n","protected":false},"excerpt":{"rendered":"Arthur Montagne &#8211; Journaliste Affam\u00e9 de sport, il a grandi au son des moteurs de Formule 1 et&hellip;\n","protected":false},"author":2,"featured_media":439261,"comment_status":"","ping_status":"","sticky":false,"template":"","format":"standard","meta":{"footnotes":""},"categories":[1412],"tags":[1451,1452,1453,1454,1455,1011,27,60],"class_list":{"0":"post-439260","1":"post","2":"type-post","3":"status-publish","4":"format-standard","5":"has-post-thumbnail","7":"category-f1","8":"tag-f1","9":"tag-formula-1","10":"tag-formula1","11":"tag-formule-1","12":"tag-formule1","13":"tag-fr","14":"tag-france","15":"tag-sports"},"share_on_mastodon":{"url":"https:\/\/pubeurope.com\/@fr\/115317540486380583","error":""},"_links":{"self":[{"href":"https:\/\/www.europesays.com\/fr\/wp-json\/wp\/v2\/posts\/439260","targetHints":{"allow":["GET"]}}],"collection":[{"href":"https:\/\/www.europesays.com\/fr\/wp-json\/wp\/v2\/posts"}],"about":[{"href":"https:\/\/www.europesays.com\/fr\/wp-json\/wp\/v2\/types\/post"}],"author":[{"embeddable":true,"href":"https:\/\/www.europesays.com\/fr\/wp-json\/wp\/v2\/users\/2"}],"replies":[{"embeddable":true,"href":"https:\/\/www.europesays.com\/fr\/wp-json\/wp\/v2\/comments?post=439260"}],"version-history":[{"count":0,"href":"https:\/\/www.europesays.com\/fr\/wp-json\/wp\/v2\/posts\/439260\/revisions"}],"wp:featuredmedia":[{"embeddable":true,"href":"https:\/\/www.europesays.com\/fr\/wp-json\/wp\/v2\/media\/439261"}],"wp:attachment":[{"href":"https:\/\/www.europesays.com\/fr\/wp-json\/wp\/v2\/media?parent=439260"}],"wp:term":[{"taxonomy":"category","embeddable":true,"href":"https:\/\/www.europesays.com\/fr\/wp-json\/wp\/v2\/categories?post=439260"},{"taxonomy":"post_tag","embeddable":true,"href":"https:\/\/www.europesays.com\/fr\/wp-json\/wp\/v2\/tags?post=439260"}],"curies":[{"name":"wp","href":"https:\/\/api.w.org\/{rel}","templated":true}]}}