{"id":439269,"date":"2025-10-04T19:31:41","date_gmt":"2025-10-04T19:31:41","guid":{"rendered":"https:\/\/www.europesays.com\/fr\/439269\/"},"modified":"2025-10-04T19:31:41","modified_gmt":"2025-10-04T19:31:41","slug":"je-lapprehendais-laure-maries-au-premier-regard-revient-sur-la-concretisation-douloureuse-de-son-divorce-avec-matthieu-tele-2-semaines","status":"publish","type":"post","link":"https:\/\/www.europesays.com\/fr\/439269\/","title":{"rendered":"&quot;Je l\u2019appr\u00e9hendais&quot; : Laure (Mari\u00e9s au premier regard) revient sur la concr\u00e9tisation douloureuse de son divorce avec Matthieu &#8211; T\u00e9l\u00e9 2 semaines"},"content":{"rendered":"<ol>\n<li><a href=\"https:\/\/news.google.com\/rss\/articles\/CBMi_gFBVV95cUxOQ1hJcGd5RUdxcXd4bnJQRDE2OUhRZURoQTloSGdRUXR3QVllOExiTnQzVHlxVUg5SnllMHpoTENXN2MwV29NX1J0bEVsbDJBLThMQS1pSnBNZVpqZGRHOS1HMU9QZ0NQaG41NEdDVlQwV2owZUxselhsYVJqd0RnMXlDbnpjeHFPMk9uZFJ2M19LemtFbElsLWxDR1hWQmxCeUlEQUp1RjQtbkZRekc2dDF5Vi1JcG9Ibl9ZZjVUaHFxc2RZaGJZSVZmSUItLWh4SGVYN2h1MEsyUjZhZ3dELVVfV25wSS1ialplTW9DbWExX1JtT3FMMjU5cjlYZw?oc=5\" target=\"_blank\" rel=\"nofollow noopener\">\u00ab\u00a0Je l\u2019appr\u00e9hendais\u00a0\u00bb : Laure (Mari\u00e9s au premier regard) revient sur la concr\u00e9tisation douloureuse de son divorce avec Matthieu<\/a>&nbsp;&nbsp;T\u00e9l\u00e9 2 semaines<\/li>\n<li><a href=\"https:\/\/news.google.com\/rss\/articles\/CBMicEFVX3lxTE9HQVF4cnZpa0hQM2MybWNhS2l5STBpSUpXTmlsaGtjVkN4ZnR4Mnl0Y2lUOEtYSVJDeFc1ZGFZQ01rRGE3dnNxYlZfVTdnbmkzUUhzaklTMXFfUlhrZGY2MEM2c1pmVGRwX25qbEd3UlY?oc=5\" target=\"_blank\" rel=\"nofollow noopener\">Mari\u00e9s au premier regard : \u00ab\u00a0C&rsquo;est une date qui n&rsquo;a plus trop de signification\u00a0\u00bb, Matthieu revient sur son mariage avec Laure Larrory<\/a>&nbsp;&nbsp;AlloCin\u00e9<\/li>\n<li><a href=\"https:\/\/news.google.com\/rss\/articles\/CBMi4wFBVV95cUxOUTNlSm9HMGV1Ykd1X01zRUxQZGp1Z2VqTGVpVjZtSEJmME1qMlFOQ0RpVk1JM2dBYnFUMURDV2tIMGMwWURZeHlvWVVrOWhUZ3lqMWtpNWNGUm5FeXl3NFpyblBRLWtIdUFjalZ3VVlXSDVWdEp3SHVMMzRVWUl3Vng4WnNZOFNkV0ExNkhsSklKazNqTWFnUXJ3aEFXWkpkbWcwaGJ1U2lJdWViVkJtczRYU3NQUGZjcmF0MUxyc3VzZHNMV0JxU3dqVk5sTEtEWnV1dXBQTmwtbnlvenE3azlrVQ?oc=5\" target=\"_blank\" rel=\"nofollow noopener\">Laure et Matthieu (MAPR 5) s\u00e9par\u00e9s : leur 5e anniversaire de mariage vire au r\u00e8glement de comptes<\/a>&nbsp;&nbsp;Voici<\/li>\n<li><a href=\"https:\/\/news.google.com\/rss\/articles\/CBMi3gFBVV95cUxQZC1lLXNzSWYtZHcwLUo1OEtlSWxIRm1iaGhNVlZEWk1lWEl3NTd5Uy0zVTJNazg4SUtDMUFpaFN2ZWhwdEJkWjZRTmE5ZldhTVFobFRmY2ZvOGd2ZjdkUG4xTkRyMUN3RFZubXV0ZmVBLXZaRUhmZ1padnYxcHlzclB0aS15dTJzRjNsSEhfajhXSmZ2Z2tnMk5LTUV3dUdrNXh3ODhnRm9WMFpGZjJhRk5kMXFiUTg2Z0I4emlvaU1kS3hNcU81RzdwcXlycDZwdWpyNlFraWE3cVVCeGc?oc=5\" target=\"_blank\" rel=\"nofollow noopener\">\u00ab\u00a05 ann\u00e9es horribles\u00a0\u00bb : alors qu&rsquo;il aurait d\u00fb f\u00eater ses 5 ans de mariage avec Laure, il r\u00e9agit \u00e0 sa fa\u00e7on !<\/a>&nbsp;&nbsp;Portail Free<\/li>\n<li><a href=\"https:\/\/news.google.com\/rss\/articles\/CBMiwwFBVV95cUxQNXUyTHg3SlktMTZGbFR0ZGJGQnlGYy00XzZDc2xrUUY0d2FfcG85QzZKSjdUSTdsbEhfX3RUMjEtRGl5bUJaLWtaNkt1RmhnZmpFaGtrYkttcVc5am1VUzVyanBzWHd5SnJFRlhHc0YtTWdRdUpGeHZycm9ma25uMUpta3JkUndiT09uTlpXc245dWpESEU1SDlXa1JOemhBcFhYMWZnM3NMakhxYzVhajVNdmt0cUozeVgzSE1XSmhLMms?oc=5\" target=\"_blank\" rel=\"nofollow noopener\">Mari\u00e9s au premier regard: 5 ans apr\u00e8s, Laure et Matthieu s\u2019affrontent sur Instagram<\/a>&nbsp;&nbsp;MCE TV<\/li>\n<\/ol>\n","protected":false},"excerpt":{"rendered":"\u00ab\u00a0Je l\u2019appr\u00e9hendais\u00a0\u00bb : Laure (Mari\u00e9s au premier regard) revient sur la concr\u00e9tisation douloureuse de son divorce avec Matthieu&nbsp;&nbsp;T\u00e9l\u00e9&hellip;\n","protected":false},"author":2,"featured_media":395849,"comment_status":"","ping_status":"","sticky":false,"template":"","format":"standard","meta":{"footnotes":""},"categories":[1356],"tags":[58,59,1011,27,252,1364],"class_list":{"0":"post-439269","1":"post","2":"type-post","3":"status-publish","4":"format-standard","5":"has-post-thumbnail","7":"category-television","8":"tag-divertissement","9":"tag-entertainment","10":"tag-fr","11":"tag-france","12":"tag-television","13":"tag-tv"},"share_on_mastodon":{"url":"https:\/\/pubeurope.com\/@fr\/115317563890457326","error":""},"_links":{"self":[{"href":"https:\/\/www.europesays.com\/fr\/wp-json\/wp\/v2\/posts\/439269","targetHints":{"allow":["GET"]}}],"collection":[{"href":"https:\/\/www.europesays.com\/fr\/wp-json\/wp\/v2\/posts"}],"about":[{"href":"https:\/\/www.europesays.com\/fr\/wp-json\/wp\/v2\/types\/post"}],"author":[{"embeddable":true,"href":"https:\/\/www.europesays.com\/fr\/wp-json\/wp\/v2\/users\/2"}],"replies":[{"embeddable":true,"href":"https:\/\/www.europesays.com\/fr\/wp-json\/wp\/v2\/comments?post=439269"}],"version-history":[{"count":0,"href":"https:\/\/www.europesays.com\/fr\/wp-json\/wp\/v2\/posts\/439269\/revisions"}],"wp:featuredmedia":[{"embeddable":true,"href":"https:\/\/www.europesays.com\/fr\/wp-json\/wp\/v2\/media\/395849"}],"wp:attachment":[{"href":"https:\/\/www.europesays.com\/fr\/wp-json\/wp\/v2\/media?parent=439269"}],"wp:term":[{"taxonomy":"category","embeddable":true,"href":"https:\/\/www.europesays.com\/fr\/wp-json\/wp\/v2\/categories?post=439269"},{"taxonomy":"post_tag","embeddable":true,"href":"https:\/\/www.europesays.com\/fr\/wp-json\/wp\/v2\/tags?post=439269"}],"curies":[{"name":"wp","href":"https:\/\/api.w.org\/{rel}","templated":true}]}}