{"id":439287,"date":"2025-10-04T19:45:14","date_gmt":"2025-10-04T19:45:14","guid":{"rendered":"https:\/\/www.europesays.com\/fr\/439287\/"},"modified":"2025-10-04T19:45:14","modified_gmt":"2025-10-04T19:45:14","slug":"une-chute-de-branche-barre-la-circulation-devant-le-tribunal","status":"publish","type":"post","link":"https:\/\/www.europesays.com\/fr\/439287\/","title":{"rendered":"une chute de branche barre la circulation devant le tribunal"},"content":{"rendered":"<p>La pr\u00e9fecture de Meurthe-et-Moselle avait relay\u00e9 samedi matin une alerte m\u00e9t\u00e9orologique qui pla\u00e7ait le d\u00e9partement en vigilance jaune, pour un risque de \u00ab\u00a0vents violents\u00a0\u00bb, en raison d\u2019une d\u00e9pression importante li\u00e9e \u00e0 une temp\u00eate.<\/p>\n<p>Samedi vers 18\u00a0h\u00a015, c\u2019est sans doute l\u2019une de ces rafales qui aura \u00e9t\u00e9 fatale \u00e0 une imposante branche d\u2019arbre, rue du G\u00e9n\u00e9ral-Fabvier, devant l\u2019un des parkings de la cit\u00e9 judiciaire \u00e0 Nancy.<\/p>\n<p>La branche s\u2019est affal\u00e9e sur des conteneurs, barrant la totalit\u00e9 de la chauss\u00e9e, emportant un lampadaire avec elle. Les services techniques devaient proc\u00e9der au tron\u00e7onnage et d\u00e9blaiement.<\/p>\n<p>Les relev\u00e9s de la m\u00e9t\u00e9o indiquent que des rafales \u00e0 pr\u00e8s de 70\u00a0km\/h ont souffl\u00e9 dans la r\u00e9gion de Nancy. Il est tomb\u00e9 en une journ\u00e9e plus de 15 millim\u00e8tres de pluie.<\/p>\n","protected":false},"excerpt":{"rendered":"La pr\u00e9fecture de Meurthe-et-Moselle avait relay\u00e9 samedi matin une alerte m\u00e9t\u00e9orologique qui pla\u00e7ait le d\u00e9partement en vigilance jaune,&hellip;\n","protected":false},"author":2,"featured_media":439288,"comment_status":"","ping_status":"","sticky":false,"template":"","format":"standard","meta":{"footnotes":""},"categories":[9635],"tags":[119,1111,11,9323,1704,436,1777,674,274,1011,27,775,8423,3457,1702,1703,12,25],"class_list":{"0":"post-439287","1":"post","2":"type-post","3":"status-publish","4":"format-standard","5":"has-post-thumbnail","7":"category-nancy","8":"tag-accident","9":"tag-actu","10":"tag-actualites","11":"tag-catastrophes","12":"tag-edition-nancy-et-agglomeration","13":"tag-environnement","14":"tag-eu","15":"tag-europe","16":"tag-faits-divers-justice","17":"tag-fr","18":"tag-france","19":"tag-grand-est","20":"tag-meteorologie-climat","21":"tag-meurthe-et-moselle","22":"tag-nancy","23":"tag-nancy-ville-54b","24":"tag-news","25":"tag-republique-francaise"},"share_on_mastodon":{"url":"https:\/\/pubeurope.com\/@fr\/115317619161693605","error":""},"_links":{"self":[{"href":"https:\/\/www.europesays.com\/fr\/wp-json\/wp\/v2\/posts\/439287","targetHints":{"allow":["GET"]}}],"collection":[{"href":"https:\/\/www.europesays.com\/fr\/wp-json\/wp\/v2\/posts"}],"about":[{"href":"https:\/\/www.europesays.com\/fr\/wp-json\/wp\/v2\/types\/post"}],"author":[{"embeddable":true,"href":"https:\/\/www.europesays.com\/fr\/wp-json\/wp\/v2\/users\/2"}],"replies":[{"embeddable":true,"href":"https:\/\/www.europesays.com\/fr\/wp-json\/wp\/v2\/comments?post=439287"}],"version-history":[{"count":0,"href":"https:\/\/www.europesays.com\/fr\/wp-json\/wp\/v2\/posts\/439287\/revisions"}],"wp:featuredmedia":[{"embeddable":true,"href":"https:\/\/www.europesays.com\/fr\/wp-json\/wp\/v2\/media\/439288"}],"wp:attachment":[{"href":"https:\/\/www.europesays.com\/fr\/wp-json\/wp\/v2\/media?parent=439287"}],"wp:term":[{"taxonomy":"category","embeddable":true,"href":"https:\/\/www.europesays.com\/fr\/wp-json\/wp\/v2\/categories?post=439287"},{"taxonomy":"post_tag","embeddable":true,"href":"https:\/\/www.europesays.com\/fr\/wp-json\/wp\/v2\/tags?post=439287"}],"curies":[{"name":"wp","href":"https:\/\/api.w.org\/{rel}","templated":true}]}}