{"id":439297,"date":"2025-10-04T19:50:21","date_gmt":"2025-10-04T19:50:21","guid":{"rendered":"https:\/\/www.europesays.com\/fr\/439297\/"},"modified":"2025-10-04T19:50:21","modified_gmt":"2025-10-04T19:50:21","slug":"fin-de-serie-pour-le-racing-battu-a-montpellier","status":"publish","type":"post","link":"https:\/\/www.europesays.com\/fr\/439297\/","title":{"rendered":"fin de s\u00e9rie pour le Racing\u00a0, battu \u00e0 Montpellier"},"content":{"rendered":"<p>En arrivant ce samedi \u00e0 Montpellier, les Strasbourgeoises \u00e9taient en confiance. Elles s\u2019appuyaient, entre autres, sur une chouette s\u00e9rie de sept matches cons\u00e9cutifs sans d\u00e9faites en \u00e9largissant cette statistique \u00e0 la saison pass\u00e9e. Tout ceci est fini avec ce 2-0 encaiss\u00e9 sur la pelouse du stade Bernard Gasset balay\u00e9e par le vent.<\/p>\n<p>Une attaque muette et une d\u00e9fense battue \u00e0 deux reprises sont les deux faits marquants de cette 4e journ\u00e9e de D1 pour laquelle les Strasbourgeoises \u00e9taient priv\u00e9es de Hannequin, Louren\u00e7o, Kazadi et Bensalem, bless\u00e9es.<\/p>\n<p>Oblig\u00e9e de suivre un protocole commotion (suite \u00e0 un choc \u00e0 l\u2019entra\u00eenement), Laurinne Hannequin est rest\u00e9e en Alsace avec Grace Kazadi et C\u00e9lia Bensalem, elles aussi sur la touche.<br \/>Vendre&#8230;<\/p>\n","protected":false},"excerpt":{"rendered":"En arrivant ce samedi \u00e0 Montpellier, les Strasbourgeoises \u00e9taient en confiance. Elles s\u2019appuyaient, entre autres, sur une chouette&hellip;\n","protected":false},"author":2,"featured_media":439298,"comment_status":"","ping_status":"","sticky":false,"template":"","format":"standard","meta":{"footnotes":""},"categories":[9599],"tags":[1111,11,2389,2649,2880,1777,674,107,63,1011,27,2208,12,2680,43577,25,517,640,2879],"class_list":{"0":"post-439297","1":"post","2":"type-post","3":"status-publish","4":"format-standard","5":"has-post-thumbnail","7":"category-montpellier","8":"tag-actu","9":"tag-actualites","10":"tag-alsace","11":"tag-bas-rhin","12":"tag-edition-strasbourg","13":"tag-eu","14":"tag-europe","15":"tag-fil-info","16":"tag-football","17":"tag-fr","18":"tag-france","19":"tag-montpellier","20":"tag-news","21":"tag-occitanie","22":"tag-racing-club-strasbourg-feminin","23":"tag-republique-francaise","24":"tag-sport","25":"tag-strasbourg","26":"tag-strasbourg-ville"},"share_on_mastodon":{"url":"https:\/\/pubeurope.com\/@fr\/115317638572961950","error":""},"_links":{"self":[{"href":"https:\/\/www.europesays.com\/fr\/wp-json\/wp\/v2\/posts\/439297","targetHints":{"allow":["GET"]}}],"collection":[{"href":"https:\/\/www.europesays.com\/fr\/wp-json\/wp\/v2\/posts"}],"about":[{"href":"https:\/\/www.europesays.com\/fr\/wp-json\/wp\/v2\/types\/post"}],"author":[{"embeddable":true,"href":"https:\/\/www.europesays.com\/fr\/wp-json\/wp\/v2\/users\/2"}],"replies":[{"embeddable":true,"href":"https:\/\/www.europesays.com\/fr\/wp-json\/wp\/v2\/comments?post=439297"}],"version-history":[{"count":0,"href":"https:\/\/www.europesays.com\/fr\/wp-json\/wp\/v2\/posts\/439297\/revisions"}],"wp:featuredmedia":[{"embeddable":true,"href":"https:\/\/www.europesays.com\/fr\/wp-json\/wp\/v2\/media\/439298"}],"wp:attachment":[{"href":"https:\/\/www.europesays.com\/fr\/wp-json\/wp\/v2\/media?parent=439297"}],"wp:term":[{"taxonomy":"category","embeddable":true,"href":"https:\/\/www.europesays.com\/fr\/wp-json\/wp\/v2\/categories?post=439297"},{"taxonomy":"post_tag","embeddable":true,"href":"https:\/\/www.europesays.com\/fr\/wp-json\/wp\/v2\/tags?post=439297"}],"curies":[{"name":"wp","href":"https:\/\/api.w.org\/{rel}","templated":true}]}}