{"id":439301,"date":"2025-10-04T19:58:24","date_gmt":"2025-10-04T19:58:24","guid":{"rendered":"https:\/\/www.europesays.com\/fr\/439301\/"},"modified":"2025-10-04T19:58:24","modified_gmt":"2025-10-04T19:58:24","slug":"nous-continuons-a-nous-mobiliser-a-rennes-un-rassemblement-de-soutien-aux-palestiniens-et-a-la-flottille-pour-gaza","status":"publish","type":"post","link":"https:\/\/www.europesays.com\/fr\/439301\/","title":{"rendered":"\u00ab\u00a0Nous continuons \u00e0 nous mobiliser\u00a0\u00bb\u00a0: \u00e0 Rennes un rassemblement de soutien aux Palestiniens et \u00e0 la flottille pour Gaza"},"content":{"rendered":"<p>Article r\u00e9serv\u00e9 aux abonn\u00e9s<\/p>\n<p>Le 04 octobre 2025 \u00e0 18h24<\/p>\n<p class=\"tlg-h5\">Ce samedi apr\u00e8s-midi une manifestation de soutien \u00e0 la Palestine et \u00e0 la flottille Global Sumud Flotilla s\u2019est d\u00e9roul\u00e9e dans le centre-ville de Rennes. L\u2019occasion pour les participants de r\u00e9clamer notamment la lib\u00e9ration des militants embarqu\u00e9s, dont fait partie la d\u00e9put\u00e9e d\u2019Ille-et-Vilaine, Marie Mesmeur, apr\u00e8s l\u2019arraisonnement de leurs bateaux.<\/p>\n<p><img fetchpriority=\"high\" decoding=\"async\" src=\"https:\/\/www.europesays.com\/fr\/wp-content\/uploads\/2025\/10\/68e14a3f5a499beaee0cbe12.1.jpeg\" width=\"960\" height=\"600\" class=\"web_golden_xl\" loading=\"eager\" alt=\"\u00ab\u00a0Nous continuons \u00e0 nous mobiliser\u00a0\u00bb\u00a0: \u00e0 Rennes un rassemblement de soutien aux Palestiniens et \u00e0 la flottille pour Gaza\"\/> (Le T\u00e9l\u00e9gramme\/Erwan Miloux)<\/p>\n","protected":false},"excerpt":{"rendered":"Article r\u00e9serv\u00e9 aux abonn\u00e9s Le 04 octobre 2025 \u00e0 18h24 Ce samedi apr\u00e8s-midi une manifestation de soutien \u00e0&hellip;\n","protected":false},"author":2,"featured_media":439302,"comment_status":"","ping_status":"","sticky":false,"template":"","format":"standard","meta":{"footnotes":""},"categories":[2821],"tags":[1111,11,829,765,1777,674,1011,27,848,12,584,25],"class_list":{"0":"post-439301","1":"post","2":"type-post","3":"status-publish","4":"format-standard","5":"has-post-thumbnail","7":"category-rennes","8":"tag-actu","9":"tag-actualites","10":"tag-bretagne","11":"tag-en-continu","12":"tag-eu","13":"tag-europe","14":"tag-fr","15":"tag-france","16":"tag-ille-et-vilaine","17":"tag-news","18":"tag-rennes","19":"tag-republique-francaise"},"share_on_mastodon":{"url":"https:\/\/pubeurope.com\/@fr\/115317670750617424","error":""},"_links":{"self":[{"href":"https:\/\/www.europesays.com\/fr\/wp-json\/wp\/v2\/posts\/439301","targetHints":{"allow":["GET"]}}],"collection":[{"href":"https:\/\/www.europesays.com\/fr\/wp-json\/wp\/v2\/posts"}],"about":[{"href":"https:\/\/www.europesays.com\/fr\/wp-json\/wp\/v2\/types\/post"}],"author":[{"embeddable":true,"href":"https:\/\/www.europesays.com\/fr\/wp-json\/wp\/v2\/users\/2"}],"replies":[{"embeddable":true,"href":"https:\/\/www.europesays.com\/fr\/wp-json\/wp\/v2\/comments?post=439301"}],"version-history":[{"count":0,"href":"https:\/\/www.europesays.com\/fr\/wp-json\/wp\/v2\/posts\/439301\/revisions"}],"wp:featuredmedia":[{"embeddable":true,"href":"https:\/\/www.europesays.com\/fr\/wp-json\/wp\/v2\/media\/439302"}],"wp:attachment":[{"href":"https:\/\/www.europesays.com\/fr\/wp-json\/wp\/v2\/media?parent=439301"}],"wp:term":[{"taxonomy":"category","embeddable":true,"href":"https:\/\/www.europesays.com\/fr\/wp-json\/wp\/v2\/categories?post=439301"},{"taxonomy":"post_tag","embeddable":true,"href":"https:\/\/www.europesays.com\/fr\/wp-json\/wp\/v2\/tags?post=439301"}],"curies":[{"name":"wp","href":"https:\/\/api.w.org\/{rel}","templated":true}]}}