{"id":439303,"date":"2025-10-04T19:59:15","date_gmt":"2025-10-04T19:59:15","guid":{"rendered":"https:\/\/www.europesays.com\/fr\/439303\/"},"modified":"2025-10-04T19:59:15","modified_gmt":"2025-10-04T19:59:15","slug":"strasbourg-au-taps-manon-aycoberry-joue-son-theatre-karate","status":"publish","type":"post","link":"https:\/\/www.europesays.com\/fr\/439303\/","title":{"rendered":"Strasbourg. Au Taps, Manon Ay\u00e7oberry joue son th\u00e9\u00e2tre-karat\u00e9"},"content":{"rendered":"<p>  1.Trois com\u00e9diennes-karat\u00e9kas et des tatamis<\/p>\n<p>Imagin\u00e9e en tri frontale, la sc\u00e9nographie repose sur des tatamis. Noires et grises, les diff\u00e9rentes pi\u00e8ces modulables constituent un dojo. C\u2019est l\u2019espace de jeu sur lesquelles \u00e9voluent les com\u00e9diennes \u2013 karat\u00e9kas \u2013 Chlo\u00e9 Aubert, Camille Falbriard, fille de Jean-Luc, patron de l\u2019Espace K, Pasipha\u00e9 Le Bras et la compositrice, Agathe Lavarel. Pourquoi cette m\u00e9taphore du karat\u00e9\u00a0? Dorothy Allison dont Manon Ay\u00e7oberry adapte Deux ou trois dont je suis s\u00fbre , en a fait. \u00c0 25 ans, la pratique martiale permet \u00e0 l\u2019autrice am\u00e9ricaine de se r\u00e9approprier son corps meurtri par des violences sexuelles intrafamiliales. Com\u00e9diennes et metteuse en sc\u00e8ne se sont mises \u00e0 apprendre cet art martial. Kata de la main ouverte ou du poing ferm\u00e9. Sur sc\u00e8ne, les interpr\u00e8tes en ont tir\u00e9 une pr\u00e9cision dans le geste, la posture, la voix. Subrepticement, elles finissent d\u2019ailleurs en kimono et l\u2019ultime s\u00e9quence atteint une intensit\u00e9 folle. Une voie lib\u00e9ratrice.<\/p>\n<p>Pour la petite histoire, Manon Ay\u00e7oberry pr\u00e9pare sa ceinture verte.<\/p>\n<p>  2. D\u00e9couvrir la f\u00e9ministe am\u00e9ricaine Dorothy Allison<\/p>\n<p>L\u2019autrice de Deux ou trois choses dont je suis s\u00fbre est d\u00e9c\u00e9d\u00e9e durant les r\u00e9p\u00e9titions. L\u2019influence de Dorothy Allison demeure. Ses \u00e9crits de nature biographique ont impr\u00e9gn\u00e9 des g\u00e9n\u00e9rations de femmes de part et d\u2019autre de l\u2019Atlantique. \u00c9mergeant dans les ann\u00e9es 1970, cette figure f\u00e9ministe, lesbienne, d\u2019origine ouvri\u00e8re a muscl\u00e9 ses textes au contact du r\u00e9el.<\/p>\n<p>Contrairement \u00e0 d\u2019autres transfuges de classe, elle \u00e9voque les membres de sa famille avec tendresse. Pas de m\u00e9pris mais une volont\u00e9 de comprendre les d\u00e9terminismes sociaux qui sous-tendent leurs existences. Manon Ay\u00e7oberry et son \u00e9quipe portent cette parole sans ciller ni pathos. La musique jou\u00e9e live par la multi-instrumentiste et compositrice, Agathe Lavarel, contribue \u00e0 faire vivre le combat d\u2019une femme-sensei contre les pr\u00e9jug\u00e9s.<\/p>\n<p>  3. L\u2019Onde de choc d\u2019une compagnie<\/p>\n<p>Il y a seulement trois ans, Manon Ay\u00e7oberry a fond\u00e9 sa compagnie L\u2019Onde, \u00e0 Strasbourg. Aujourd\u2019hui, elle doit n\u00e9gocier l\u2019\u00e9tape de sortie de l\u2019\u00e9mergence. Dans le milieu du spectacle, et au-del\u00e0 de la r\u00e9gion, son th\u00e9\u00e2tre documentaire politique, reposant sur une esth\u00e9tique et une \u00e9thique de la relation est bien rep\u00e9r\u00e9.<\/p>\n<p>Soutenue par des collectivit\u00e9s territoriales, des institutions culturelles d\u2019ici (La Pokop, Taps \u00e0 Strasbourg, l\u2019Espace Rohan \u00e0 Saverne), la compagnie pr\u00e9sentera les 15 et 16\u00a0octobre, une maquette de la prochaine cr\u00e9ation,  Nous aurions d\u00fb crier comme des fous (M\u00eame maintenant ce ne serait pas trop tard),  au Th\u00e9\u00e2tre Silvia Monfort, \u00e0 Paris. Apr\u00e8s le karat\u00e9, place au cabaret.<\/p>\n<p class=\"note\">Du 7 au 11\u00a0octobre, au Taps Laiterie, \u00e0 Strasbourg. \u00c0 partir de 14 ans, dur\u00e9e\u00a0: 1\u00a0h\u00a015. taps.strasbourg.eu<\/p>\n","protected":false},"excerpt":{"rendered":"1.Trois com\u00e9diennes-karat\u00e9kas et des tatamis Imagin\u00e9e en tri frontale, la sc\u00e9nographie repose sur des tatamis. Noires et grises,&hellip;\n","protected":false},"author":2,"featured_media":439304,"comment_status":"","ping_status":"","sticky":false,"template":"","format":"standard","meta":{"footnotes":""},"categories":[2820],"tags":[1111,11,1687,2880,1777,674,107,1011,27,775,12,25,3140,640,2879],"class_list":{"0":"post-439303","1":"post","2":"type-post","3":"status-publish","4":"format-standard","5":"has-post-thumbnail","7":"category-strasbourg","8":"tag-actu","9":"tag-actualites","10":"tag-culture-loisirs","11":"tag-edition-strasbourg","12":"tag-eu","13":"tag-europe","14":"tag-fil-info","15":"tag-fr","16":"tag-france","17":"tag-grand-est","18":"tag-news","19":"tag-republique-francaise","20":"tag-spectacle","21":"tag-strasbourg","22":"tag-strasbourg-ville"},"share_on_mastodon":{"url":"https:\/\/pubeurope.com\/@fr\/115317674071135465","error":""},"_links":{"self":[{"href":"https:\/\/www.europesays.com\/fr\/wp-json\/wp\/v2\/posts\/439303","targetHints":{"allow":["GET"]}}],"collection":[{"href":"https:\/\/www.europesays.com\/fr\/wp-json\/wp\/v2\/posts"}],"about":[{"href":"https:\/\/www.europesays.com\/fr\/wp-json\/wp\/v2\/types\/post"}],"author":[{"embeddable":true,"href":"https:\/\/www.europesays.com\/fr\/wp-json\/wp\/v2\/users\/2"}],"replies":[{"embeddable":true,"href":"https:\/\/www.europesays.com\/fr\/wp-json\/wp\/v2\/comments?post=439303"}],"version-history":[{"count":0,"href":"https:\/\/www.europesays.com\/fr\/wp-json\/wp\/v2\/posts\/439303\/revisions"}],"wp:featuredmedia":[{"embeddable":true,"href":"https:\/\/www.europesays.com\/fr\/wp-json\/wp\/v2\/media\/439304"}],"wp:attachment":[{"href":"https:\/\/www.europesays.com\/fr\/wp-json\/wp\/v2\/media?parent=439303"}],"wp:term":[{"taxonomy":"category","embeddable":true,"href":"https:\/\/www.europesays.com\/fr\/wp-json\/wp\/v2\/categories?post=439303"},{"taxonomy":"post_tag","embeddable":true,"href":"https:\/\/www.europesays.com\/fr\/wp-json\/wp\/v2\/tags?post=439303"}],"curies":[{"name":"wp","href":"https:\/\/api.w.org\/{rel}","templated":true}]}}