{"id":439305,"date":"2025-10-04T20:00:13","date_gmt":"2025-10-04T20:00:13","guid":{"rendered":"https:\/\/www.europesays.com\/fr\/439305\/"},"modified":"2025-10-04T20:00:13","modified_gmt":"2025-10-04T20:00:13","slug":"le-strasbourg-ath-sans-reaction-face-a-saint-amand","status":"publish","type":"post","link":"https:\/\/www.europesays.com\/fr\/439305\/","title":{"rendered":"le Strasbourg ATH sans r\u00e9action face \u00e0 Saint-Amand"},"content":{"rendered":"<p>Pas simple de trouver le bon ton \u00e0 l\u2019occasion de ce match. La Coupe de France, dans cette phase de poules, est une comp\u00e9tition peu lisible et, il faut le reconna\u00eetre, n\u2019a pas \u00e0 ce stade la m\u00eame saveur qu\u2019un match de D1.<\/p>\n<p>L\u2019autre curiosit\u00e9 est bien s\u00fbr que ces deux \u00e9quipes se retrouveront d\u00e8s mercredi en championnat, alors fallait-il se d\u00e9voiler ou masquer ses cartes\u00a0?<\/p>\n<p>Plut\u00f4t que de tergiverser, il y avait d\u2019abord un match \u00e0 jouer. Et, bien que moins engag\u00e9, il est plut\u00f4t plaisant \u00e0 suivre. Lina Colinot assoit encore un peu plus son nouveau statut dans le jeu des \u201cPiraths\u201d en troublant d\u2019embl\u00e9e la d\u00e9fense de Saint-Amand.<\/p>\n<p>Globalement, ce sont plut\u00f4t les joueuses du Nord qui&#8230;<\/p>\n","protected":false},"excerpt":{"rendered":"Pas simple de trouver le bon ton \u00e0 l\u2019occasion de ce match. La Coupe de France, dans cette&hellip;\n","protected":false},"author":2,"featured_media":439306,"comment_status":"","ping_status":"","sticky":false,"template":"","format":"standard","meta":{"footnotes":""},"categories":[2820],"tags":[1111,11,2880,1777,674,107,1011,27,775,1792,12,25,7770,517,640,12904,18463],"class_list":{"0":"post-439305","1":"post","2":"type-post","3":"status-publish","4":"format-standard","5":"has-post-thumbnail","7":"category-strasbourg","8":"tag-actu","9":"tag-actualites","10":"tag-edition-strasbourg","11":"tag-eu","12":"tag-europe","13":"tag-fil-info","14":"tag-fr","15":"tag-france","16":"tag-grand-est","17":"tag-handball","18":"tag-news","19":"tag-republique-francaise","20":"tag-secteur-de-truchtersheim","21":"tag-sport","22":"tag-strasbourg","23":"tag-strasbourg-ath","24":"tag-truchtersheim"},"share_on_mastodon":{"url":"https:\/\/pubeurope.com\/@fr\/115317678012631183","error":""},"_links":{"self":[{"href":"https:\/\/www.europesays.com\/fr\/wp-json\/wp\/v2\/posts\/439305","targetHints":{"allow":["GET"]}}],"collection":[{"href":"https:\/\/www.europesays.com\/fr\/wp-json\/wp\/v2\/posts"}],"about":[{"href":"https:\/\/www.europesays.com\/fr\/wp-json\/wp\/v2\/types\/post"}],"author":[{"embeddable":true,"href":"https:\/\/www.europesays.com\/fr\/wp-json\/wp\/v2\/users\/2"}],"replies":[{"embeddable":true,"href":"https:\/\/www.europesays.com\/fr\/wp-json\/wp\/v2\/comments?post=439305"}],"version-history":[{"count":0,"href":"https:\/\/www.europesays.com\/fr\/wp-json\/wp\/v2\/posts\/439305\/revisions"}],"wp:featuredmedia":[{"embeddable":true,"href":"https:\/\/www.europesays.com\/fr\/wp-json\/wp\/v2\/media\/439306"}],"wp:attachment":[{"href":"https:\/\/www.europesays.com\/fr\/wp-json\/wp\/v2\/media?parent=439305"}],"wp:term":[{"taxonomy":"category","embeddable":true,"href":"https:\/\/www.europesays.com\/fr\/wp-json\/wp\/v2\/categories?post=439305"},{"taxonomy":"post_tag","embeddable":true,"href":"https:\/\/www.europesays.com\/fr\/wp-json\/wp\/v2\/tags?post=439305"}],"curies":[{"name":"wp","href":"https:\/\/api.w.org\/{rel}","templated":true}]}}