{"id":439308,"date":"2025-10-04T20:02:11","date_gmt":"2025-10-04T20:02:11","guid":{"rendered":"https:\/\/www.europesays.com\/fr\/439308\/"},"modified":"2025-10-04T20:02:11","modified_gmt":"2025-10-04T20:02:11","slug":"dante-forfait-pour-le-derby-a-monaco","status":"publish","type":"post","link":"https:\/\/www.europesays.com\/fr\/439308\/","title":{"rendered":"Dante forfait pour le derby \u00e0 Monaco"},"content":{"rendered":"<p class=\"fs-5 \">Hicham Boudaoui, lui aussi incertain, est finalement dans le groupe, tandis que le doute plane pour Kevin Carlos.<\/p>\n<p class=\"fs-5 \">Avec une moue trahissant son regret, l\u2019entra\u00eeneur du Gym Franck Haise a annonc\u00e9 ce samedi soir en conf\u00e9rence de presse que Dante (41 ans) manquerait le derby face \u00e0 Monaco dans le cadre de la 7e journ\u00e9e de Ligue 1.<\/p>\n<p class=\"fs-5 \">\u00ab Ce sont toujours les m\u00eames raisons. Il a un protocole en place chaque semaine avec le staff m\u00e9dical. On verra apr\u00e8s la tr\u00eave internationale si les sensations sont meilleures et s\u2019il peut reprendre l\u2019entra\u00eenement \u00bb, a d\u00e9clar\u00e9 son coach.<\/p>\n<p class=\"fs-5 \">Le d\u00e9fenseur central de l\u2019OGC Nice, touch\u00e9 au genou gauche mi-septembre, tra\u00eene sa blessure comme un boulet depuis. Il avait d\u2019abord manqu\u00e9 le d\u00e9placement \u00e0 Brest o\u00f9 les Aiglons avaient sombr\u00e9 (4-1).<\/p>\n<p class=\"fs-5 \">Titulaire ensuite contre l\u2019AS Rome (1-2), le Br\u00e9silien \u00e9tait hors du groupe contre le Paris FC le week-end dernier et jeudi \u00e0 Fenerbah\u00e7e. \u00ab Dante sera toujours un leader. Mais les leaders, c\u2019est surtout sur le terrain qu\u2019on en a besoin \u00bb, regrettait Franck Haise.<\/p>\n<p class=\"fs-5 \">En revanche, le milieu de terrain Hicham Boudaoui, forfait en Turquie jeudi, fait son retour dans le groupe alors qu\u2019il \u00e9tait lui aussi incertain. Le dernier doute concerne Kevin Carlos.<\/p>\n<p class=\"fs-5 \">\u00ab Il a ressenti une fatigue musculaire contre le Fener. Pas de blessure, mais on l\u2019a m\u00e9nag\u00e9 \u00bb, a expliqu\u00e9 son coach.<\/p>\n<p class=\"fs-5 \">L\u2019Espagnol effectuera un dernier test demain pour d\u00e9terminer de sa pr\u00e9sence dans le groupe ni\u00e7ois.<\/p>\n","protected":false},"excerpt":{"rendered":"Hicham Boudaoui, lui aussi incertain, est finalement dans le groupe, tandis que le doute plane pour Kevin Carlos.&hellip;\n","protected":false},"author":2,"featured_media":439309,"comment_status":"","ping_status":"","sticky":false,"template":"","format":"standard","meta":{"footnotes":""},"categories":[2819],"tags":[1111,11,1777,674,1011,27,12,2401,54521,882,25],"class_list":{"0":"post-439308","1":"post","2":"type-post","3":"status-publish","4":"format-standard","5":"has-post-thumbnail","7":"category-nice","8":"tag-actu","9":"tag-actualites","10":"tag-eu","11":"tag-europe","12":"tag-fr","13":"tag-france","14":"tag-news","15":"tag-nice","16":"tag-ogcnice","17":"tag-provence-alpes-cote-dazur","18":"tag-republique-francaise"},"share_on_mastodon":{"url":"https:\/\/pubeurope.com\/@fr\/115317685831429010","error":""},"_links":{"self":[{"href":"https:\/\/www.europesays.com\/fr\/wp-json\/wp\/v2\/posts\/439308","targetHints":{"allow":["GET"]}}],"collection":[{"href":"https:\/\/www.europesays.com\/fr\/wp-json\/wp\/v2\/posts"}],"about":[{"href":"https:\/\/www.europesays.com\/fr\/wp-json\/wp\/v2\/types\/post"}],"author":[{"embeddable":true,"href":"https:\/\/www.europesays.com\/fr\/wp-json\/wp\/v2\/users\/2"}],"replies":[{"embeddable":true,"href":"https:\/\/www.europesays.com\/fr\/wp-json\/wp\/v2\/comments?post=439308"}],"version-history":[{"count":0,"href":"https:\/\/www.europesays.com\/fr\/wp-json\/wp\/v2\/posts\/439308\/revisions"}],"wp:featuredmedia":[{"embeddable":true,"href":"https:\/\/www.europesays.com\/fr\/wp-json\/wp\/v2\/media\/439309"}],"wp:attachment":[{"href":"https:\/\/www.europesays.com\/fr\/wp-json\/wp\/v2\/media?parent=439308"}],"wp:term":[{"taxonomy":"category","embeddable":true,"href":"https:\/\/www.europesays.com\/fr\/wp-json\/wp\/v2\/categories?post=439308"},{"taxonomy":"post_tag","embeddable":true,"href":"https:\/\/www.europesays.com\/fr\/wp-json\/wp\/v2\/tags?post=439308"}],"curies":[{"name":"wp","href":"https:\/\/api.w.org\/{rel}","templated":true}]}}