{"id":439312,"date":"2025-10-04T20:05:35","date_gmt":"2025-10-04T20:05:35","guid":{"rendered":"https:\/\/www.europesays.com\/fr\/439312\/"},"modified":"2025-10-04T20:05:35","modified_gmt":"2025-10-04T20:05:35","slug":"ou-bouger-a-bordeaux-cette-semaine-du-06-au-12-octobre","status":"publish","type":"post","link":"https:\/\/www.europesays.com\/fr\/439312\/","title":{"rendered":"O\u00f9 bouger \u00e0 Bordeaux cette semaine du 06 au 12 octobre ?"},"content":{"rendered":"<p>\ud83c\udf42\ud83c\udf42 L\u2019air se rafra\u00eechit et les feuilles tombent, mais Bordeaux reste en feu \ud83d\udd25 Entre concerts, spectacles qui claquent, soir\u00e9es m\u00e9morables\u2026 et m\u00eame la Journ\u00e9e Portes Ouvertes des campus pour d\u00e9couvrir les formations et la vie \u00e9tudiante \ud83c\udf93, y\u2019a de quoi kiffer toute la semaine. T\u2019es pr\u00eat\u00b7e \u00e0 te lancer dans l\u2019ambiance ? \u2728 <\/p>\n<p>LUNDI 06 OCTOBRE <\/p>\n<p>Pop-Up \u2013 Les D\u00e9nicheuses <\/p>\n<p id=\"block-c0a6d400-b605-409c-aac6-25e704c07565\" style=\"font-size:16px\">Tu ne sais pas quoi faire cette semaine alors viens plonger dans l\u2019univers du <strong>pop-up<\/strong>\u00a0<strong>Les D\u00e9nicheuses<\/strong>\u00a0qui s\u2019installe en plein c\u0153ur de <strong>Bordeaux<\/strong>, un lieu \u00e9ph\u00e9m\u00e8re qui r\u00e9unit pendant une semaine des<strong> artisans-cr\u00e9ateurs passionn\u00e9s<\/strong> et o\u00f9 tu vas pouvoir d\u00e9nicher des trouvailles uniques et vivre une exp\u00e9rience diff\u00e9rente chaque jour<\/p>\n<p style=\"font-size:16px\"><strong>Au programme<\/strong> des cr\u00e9ateurs locaux pour des p\u00e9pites originales des<strong> ateliers ludiques<\/strong> chaque apr\u00e8s-midi une d\u00e9gustation de <strong>cookies le week-end avec\u00a0Cake cookies et Cie<\/strong>\u00a0une ambiance festive le samedi soir et tout au long de la semaine de la d\u00e9co des concours des jeux et plein de surprises qui t\u2019attendent<\/p>\n<p style=\"font-size:16px\">Sur place tu retrouveras\u00a0<strong>Luzienne D\u00e9coration<\/strong>\u00a0pour la d\u00e9co<strong>\u00a0Zeste de chineuse\u00a0et\u00a0La Jolie Fripe\u00a0<\/strong>pour les fripes vintage\u00a0<strong>Lazenzu\u00a0pour les bijoux en perles d\u2019eau douce<\/strong>\u00a0<strong>Les trouvailles d\u2019Isa<\/strong>\u00a0pour la brocante<strong>\u00a0Reflet Antique<\/strong>\u00a0pour les miroirs\u00a0Casapapita\u00a0pour la c\u00e9ramique\u00a0<strong>Atelier Isthav\u00a0<\/strong>pour les bijoux tiss\u00e9s\u00a0<strong>Cabo Officiel<\/strong>\u00a0pour les v\u00eatements en velours<strong>\u00a0Mineronat33\u00a0<\/strong>pour les bijoux en pierres min\u00e9rales\u00a0Clarachetan\u00a0pour l\u2019illustration et\u00a0Rue Rose\u00a0pour les bijoux<\/p>\n<p id=\"block-c0a6d400-b605-409c-aac6-25e704c07565\" style=\"font-size:16px\">Alors pr\u00eat\u00b7e \u00e0 chiner cr\u00e9er go\u00fbter et partager dans une ambiance conviviale et pleine de d\u00e9couvertes<\/p>\n<p><img fetchpriority=\"high\" decoding=\"async\" width=\"1024\" height=\"846\" src=\"https:\/\/www.europesays.com\/fr\/wp-content\/uploads\/2025\/10\/Capture-decran-2024-06-10-a-15.31.46-1024x846.png\" alt=\"\" class=\"wp-image-84544\" style=\"width:535px;height:auto\"  \/><\/p>\n<p class=\"has-text-align-center\" id=\"block-96f1f2cd-8228-4838-9e30-3b21c0a4ed9e\" style=\"font-size:16px\"><strong>On bouge ?<\/strong><br \/>\ud83d\udccd29 cours D\u2019alsace Lorraine, Bordeaux<br \/>\ud83d\udcc5 \u00a0Du 6 au 12 octobre \u00a0\u2022 De 11h \u00e0 19h (sauf le samedi, jusqu\u2019\u00e0 21h)<br \/>\ud83d\udc9b Ouvert \u00e0 tous.tes<br \/>\u27a1\ufe0f<a href=\"https:\/\/www.facebook.com\/events\/769560749118036\/?acontext=%7B%22event_action_history%22%3A[%7B%22surface%22%3A%22external_search_engine%22%7D%2C%7B%22mechanism%22%3A%22surface%22%2C%22surface%22%3A%22groups_highlight_units%22%7D]%2C%22ref_notif_type%22%3Anull%7D\" rel=\"nofollow noopener\" target=\"_blank\">Lien de l\u2019\u00e9v\u00e9nement<br \/><\/a>\ud83d\udcf2\u00a0\u00a0<a href=\"https:\/\/www.facebook.com\/events\/769560749118036\/?acontext=%7B%22event_action_history%22%3A[%7B%22surface%22%3A%22external_search_engine%22%7D%2C%7B%22mechanism%22%3A%22surface%22%2C%22surface%22%3A%22groups_highlight_units%22%7D]%2C%22ref_notif_type%22%3Anull%7D\" target=\"_blank\" rel=\"noreferrer noopener nofollow\">Facebook<\/a>\u00a0\u2022<a href=\"https:\/\/www.instagram.com\/les_denicheuses_bordeaux\/p\/DOIhXr9DcnC\/?hl=ar\" target=\"_blank\" rel=\"noreferrer noopener nofollow\">\u00a0Instagram<\/a><\/p>\n<p>MARDI 07 OCTOBRE<\/p>\n<p>Afterwork Link\u2019Elles \u2013 Le Wagon Bordeaux<\/p>\n<p style=\"font-size:16px\">Tu as un projet qui dort dans ton carnet ou juste l\u2019envie de rencontrer d\u2019autres entrepreneurs de ta r\u00e9gion alors cet afterwork est fait pour toi <strong>Link\u2019Elles d\u00e9barque partout en France<\/strong> et <strong>Bordeaux fait partie de la 1\u02b3\u1d49 \u00e9dition nationale<\/strong> qui r\u00e9unit <strong>Paris Toulouse Lyon Metz et bien s\u00fbr la Nouvelle-Aquitaine<\/strong>.<\/p>\n<p style=\"font-size:16px\"><strong>Au programme<\/strong>, de cette soir\u00e9e tu vas pouvoir<strong> trouver de l\u2019inspiration aupr\u00e8s des mentores et b\u00e9n\u00e9voles<\/strong> de l\u2019association cr\u00e9er des connexions authentiques avec d\u2019autres porteurs de projet, repartir avec un mini plan d\u2019action concret et tout \u00e7a dans une ambiance conviviale autour d\u2019un verre et de mignardises.<\/p>\n<p style=\"font-size:16px\">C\u2019est l\u2019occasion parfaite pour<strong> \u00e9changer et donner un vrai coup de boost \u00e0 ton projet <\/strong>alors n\u2019attends plus et viens accompagn\u00e9 avec ton ou ta pote entrepreneur.<\/p>\n<p><img loading=\"lazy\" decoding=\"async\" width=\"1080\" height=\"1450\" src=\"https:\/\/www.europesays.com\/fr\/wp-content\/uploads\/2025\/10\/557609081_789145893872201_4064936395642429483_n.jpg\" alt=\"\" class=\"wp-image-84626\" style=\"width:428px;height:auto\"  \/><\/p>\n<p class=\"has-text-align-center\" id=\"block-6caa19c7-b9b8-4982-829e-c7f9b3fd0950\" style=\"font-size:16px\"><strong>On bouge ?<\/strong><br \/>\ud83d\udccdLe Wagon Bordeaux \u2022 107 Cours Balguerie Stuttenberg 33300 Bordeaux<br \/>\ud83d\udcc5 Mardi 7 octobre \u00e0 partir de 18h30<br \/>\ud83d\udc9b Ouvert \u00e0 tous.tes \u2022 8\u20ac<br \/>\u27a1\ufe0f<a href=\"https:\/\/www.helloasso.com\/associations\/link-elles\/evenements\/afterwork-link-elles-nouvelle-aquitaine?fbclid=IwY2xjawNMb_9leHRuA2FlbQIxMABicmlkETFnMkZXdEN1NWc0anE2Y1o1AR6Bkr0pkR0C1FCGSUEWJIkN43az6UNAB61dV88uP4-Eipe_5GXmVPrxB3nScw_aem_jvuGuSI09-lCXhnDzaEXsg\" rel=\"nofollow noopener\" target=\"_blank\">Lien de l\u2019\u00e9v\u00e9nement<\/a> \u2022 <a href=\"https:\/\/www.eventbrite.fr\/e\/afterwork-linkelles-nouvelle-aquitaine-tickets-1742414531769?aff=ebdssbdestsearch\" target=\"_blank\" rel=\"noreferrer noopener nofollow\">Billetterie<\/a><br \/>\ud83d\udcf2 <a href=\"https:\/\/www.facebook.com\/linkelles\" rel=\"nofollow noopener\" target=\"_blank\">Facebook<\/a><\/p>\n<p>MERCREDI 08 OCTOBRE<\/p>\n<p>Soir\u00e9e Loups \u2013 Garous  \u2013 La Luciole <\/p>\n<p id=\"block-d3784bd3-c1f6-40bf-928c-e8e6531492f6\" style=\"font-size:16px\"><strong>Tu aimes la trahison<\/strong>, les coups bas et les retournements de situation ? Alors viens <strong>chaque mercredi soir<\/strong> \u00e0\u00a0<strong>La Luciole<\/strong>\u00a0pour <strong>une soir\u00e9e Jeux \u00e0 R\u00f4les Cach\u00e9s<\/strong> o\u00f9 tout peut arriver. <strong>Pour 5\u20ac<\/strong> tu as acc\u00e8s aux jeux en illimit\u00e9 et tu pourras encha\u00eener les parties <strong>de Loups-Garous<\/strong> ou d\u00e9couvrir d\u2019autres jeux \u00e0 r\u00f4le cach\u00e9 comme <strong>Shadow Hunters, Tra\u00eetres \u00e0 bord, Avalon, Time Bomb<\/strong> et bien d\u2019autres.<\/p>\n<p id=\"block-d3784bd3-c1f6-40bf-928c-e8e6531492f6\" style=\"font-size:16px\">On ouvre d\u00e8s<strong> 17h<\/strong> si tu veux profiter des autres jeux avant la session et la soir\u00e9e commence officiellement \u00e0 <strong>19h15<\/strong> alors si tu arrives plus tard, pense \u00e0 le mentionner. Les places sont limit\u00e9es \u00e0 <strong>18 participants<\/strong> mais pas de panique, <strong>si on d\u00e9passe ce quota<\/strong>, tu pourras rejoindre une autre table ou d\u00e9couvrir un nouveau jeu avec les autres participants. Pense \u00e0 t\u2019inscrire sur l\u2019\u00e9v\u00e9nement pour r\u00e9server ta place et \u00e0 pr\u00e9venir en cas de d\u00e9sistement afin de lib\u00e9rer une place pour les autres.<\/p>\n<p><img loading=\"lazy\" decoding=\"async\" width=\"700\" height=\"350\" src=\"https:\/\/www.europesays.com\/fr\/wp-content\/uploads\/2025\/10\/lgt10.jpeg\" alt=\"\" class=\"wp-image-84551\"  \/><\/p>\n<p class=\"has-text-align-center\" id=\"block-6100cfc0-5939-4c09-aeb4-640af8c3f232\" style=\"font-size:16px\"><strong>On bouge ?<\/strong><br \/>\ud83d\udccd4 Rue Beaumarchais, M\u00e9rignac<br \/>\ud83d\udcc5 Mercredi 8 octobre<strong> <\/strong>\u2022 19h15<br \/>\ud83d\udc9b Ouvert \u00e0 tous.tes \u2022 5\u20ac l\u2019acc\u00e8s aux jeux en illimit\u00e9<br \/>\u27a1\ufe0f<a href=\"https:\/\/www.facebook.com\/events\/1256220069882724\/1256220233216041\/?acontext=%7B%22event_action_history%22%3A[%7B%22surface%22%3A%22external_search_engine%22%7D%2C%7B%22mechanism%22%3A%22attachment%22%2C%22surface%22%3A%22newsfeed%22%7D]%2C%22ref_notif_type%22%3Anull%7D\" rel=\"nofollow noopener\" target=\"_blank\">Lien de l\u2019\u00e9v\u00e9nement<br \/><\/a>\ud83d\udcf2<a href=\"https:\/\/www.facebook.com\/profile.php?id=61573148016836\" target=\"_blank\" rel=\"noreferrer noopener nofollow\">\u00a0Facebook<\/a> \u2022\u00a0<a href=\"https:\/\/www.instagram.com\/la.luciole.bar\/?__d=1%3Futm_source%3Dig_embed\" target=\"_blank\" rel=\"noreferrer noopener nofollow\">Instagram<\/a><\/p>\n<p>JEUDI 09 OCTOBRE<\/p>\n<p>FIFIB\u00a0 \u2013 Village Mably<\/p>\n<p id=\"block-cad47d30-9b60-4594-9857-8981f1ff9e69\" style=\"font-size:16px\">La Cour Mably se pare \u00e0 nouveau de ses plus belles lumi\u00e8res pour r\u00e9veiller tes envies de danse et de f\u00eate. Chaque soir, le FIFIB t\u2019invite \u00e0 plonger dans une <strong>programmation \u00e9clectique m\u00ealant cin\u00e9ma et musique<\/strong>, pour des nuits hautes en couleurs et en \u00e9nergie.<\/p>\n<p style=\"font-size:16px\">Et <strong>jeudi 09 octobre<\/strong>, pr\u00e9pare-toi \u00e0 vivre une soir\u00e9e d\u2019anthologie ! <strong>Brava et Sevenbeatz <\/strong>vont transformer la nuit en v\u00e9ritable terrain de jeu sonore : <strong>footwork d\u00e9jant\u00e9, rythmes sans fronti\u00e8res et \u00e9nergie brute, une transe collective o\u00f9 tu pourras laisser tes voix et ton corps s\u2019\u00e9manciper.<\/strong> Une exp\u00e9rience \u00e0 ne surtout pas manquer si tu veux finir la soir\u00e9e en mode danse non-stop.<\/p>\n<p style=\"font-size:16px\">Tout au long du festival, tu pourras aussi profiter :<\/p>\n<ul class=\"wp-block-list\">\n<li style=\"font-size:16px\">Mardi 07 : La F\u00eate du Clip, un road trip musical entre m\u00e9lodies vintages et sonorit\u00e9s \u00e9lectroniques.<\/li>\n<li style=\"font-size:16px\">Mercredi 08 : La boum ann\u00e9es 2000 avec Samuel et DJ set sous les \u00e9toiles.<\/li>\n<li style=\"font-size:16px\">Vendredi 10 : Le Bal Zouk avec Sylvere et DJ Joka, initiations gratuites et p\u00e2tisseries antillaises.<\/li>\n<li style=\"font-size:16px\">Samedi 11 : Belleville Beats et DJ sets rap autour du film Belleville nous verra toujours danser.<\/li>\n<li style=\"font-size:16px\">Dimanche 12 : Cl\u00f4ture avec les 20 ans de Kino Session.<\/li>\n<\/ul>\n<p style=\"font-size:16px\">Le bonus ? L\u2019entr\u00e9e est libre et gratuite ! Tu pourras m\u00eame te restaurer : <strong>bar et restauration sur place<\/strong> !<\/p>\n<p id=\"block-cad47d30-9b60-4594-9857-8981f1ff9e69\" style=\"font-size:16px\">Alors, tu viens bouger avec nous jeudi et tous les autres soirs de la semaine ? <\/p>\n<p><img loading=\"lazy\" decoding=\"async\" width=\"1024\" height=\"1048\" src=\"https:\/\/www.europesays.com\/fr\/wp-content\/uploads\/2025\/10\/VATBkDX27duQ3l0Oy1qt4CtHDw60npV7DBYamXYB.png\" alt=\"\" class=\"wp-image-84628\" style=\"width:500px;height:auto\"  \/><\/p>\n<p class=\"has-text-align-center\" id=\"block-b5b13e4c-359d-49da-bd4c-deb9e79fb66c\" style=\"font-size:16px\"><strong>On bouge ?<\/strong><br \/>\ud83d\udccd Village Mably \u2022 3 Cours Mably, Bordeaux<br \/>\ud83d\udcc5Jeudi 09 octobre 2025 \u2022 20h<br \/>\ud83d\udc9b Entr\u00e9e libre<br \/>\u27a1\ufe0f<a href=\"https:\/\/www.facebook.com\/events\/1780894869453042\/?acontext=%7B%22event_action_history%22%3A[%7B%22mechanism%22%3A%22discovery_custom_tab%22%2C%22surface%22%3A%22bookmark%22%7D]%2C%22ref_notif_type%22%3Anull%7D\" target=\"_blank\" rel=\"noreferrer noopener nofollow\">Lien de l\u2019\u00e9v\u00e9nement<\/a><br \/>\ud83d\udcf2 <a href=\"https:\/\/www.fifib.com\/fr\" rel=\"nofollow noopener\" target=\"_blank\">Site web<\/a> \u2022 <a href=\"https:\/\/www.facebook.com\/FestivalInternationalduFilmIndependantdeBordeaux\" rel=\"nofollow noopener\" target=\"_blank\">Facebook<\/a><\/p>\n<p>VENDREDI 10 OCTOBRE<\/p>\n<p>Lire en poche \u2013 Le salon du livre <\/p>\n<p id=\"block-e4ec5364-4a9e-4433-b35c-b0e6215ec95d\" style=\"font-size:16px\">Tu ne sais pas quoi faire ce week-end et tu adores les livres ? Alors viens d\u00e9couvrir\u00a0<strong>Lire en Poche<\/strong>, le salon incontournable <strong>du livre de poche \u00e0 Gradignan. <\/strong>Pendant<strong> trois jours,<\/strong> tu <strong>pourras rencontrer plus d\u2019une centaine d\u2019auteurs \u00e9changer<\/strong> avec eux lors de <strong>conf\u00e9rences <\/strong>ou de <strong>d\u00e9dicaces<\/strong> assister \u00e0 des lectures et spectacles et participer \u00e0 des animations pour petits et grands. C\u2019est le moment parfait pour <strong>fl\u00e2ner, s\u2019inspirer et repartir avec des p\u00e9pites litt\u00e9raires \u00e0 prix mini.<\/strong><\/p>\n<p id=\"block-e4ec5364-4a9e-4433-b35c-b0e6215ec95d\" style=\"font-size:16px\">Que tu sois fan de <strong>romans, thrillers, BD<\/strong>, <strong>po\u00e9sie ou jeunesse<\/strong>, tu <strong>trouveras forc\u00e9ment ton bonheur <\/strong>et tu pourras \u00e9changer avec d\u2019autres passionn\u00e9s dans une ambiance conviviale et festive. <strong>Tout est gratuit <\/strong>alors fonce et profite de ces trois jours pour red\u00e9couvrir le plaisir du livre en format poche.<\/p>\n<p><img loading=\"lazy\" decoding=\"async\" width=\"1024\" height=\"576\" src=\"https:\/\/www.europesays.com\/fr\/wp-content\/uploads\/2025\/10\/photo_2018_08_01_14_32_15-1024x576.jpeg\" alt=\"\" class=\"wp-image-84583\"  \/><\/p>\n<p class=\"has-text-align-center\" id=\"block-ee375b8e-df8c-441d-9d51-2a5c8d4f220a\" style=\"font-size:16px\"><strong>On bouge ?<br \/><\/strong>\ud83d\udccdGradignan (Gironde)<br \/>\ud83d\udcc510, 11 et 12 octobre 2025<br \/>\ud83d\udc9b Ouvert \u00e0 tous.tes<br \/>\u27a1\ufe0f<a href=\"https:\/\/www.lireenpoche.fr\" target=\"_blank\" rel=\"noreferrer noopener nofollow\">Lien de l\u2019\u00e9v\u00e9nement<\/a><br \/><a href=\"https:\/\/www.lireenpoche.fr\/\" rel=\"nofollow noopener\" target=\"_blank\">Site web<\/a>  \u2022 <a href=\"https:\/\/www.facebook.com\/lireenpoche\" rel=\"nofollow noopener\" target=\"_blank\">Facebook<\/a><\/p>\n<p>SAMEDI 11 OCTOBRE<\/p>\n<p>Journ\u00e9e Portes Ouvertes \u2013 Campus du Lac<\/p>\n<p id=\"block-6a5f1462-4468-49b2-b756-ea78e912f149\" style=\"font-size:16px\">Oy\u00e9 Oy\u00e9\u202f! Nous revoil\u00e0 pour les\u00a0<strong>1\u02b3\u1d49 Portes Ouvertes<\/strong>\u00a0de cette ann\u00e9e scolaire\u202f! Le\u00a0<strong>Campus du Lac<\/strong>\u00a0t\u2019invite \u00e0 d\u00e9couvrir ses formations sup\u00e9rieures :\u00a0<strong>Bac +2, Bac +3 et Bac +5<\/strong>, en alternance, en format intensif ou en initial. Leurs \u00e9quipes et \u00e9tudiants seront pr\u00e9sents sur les deux campus, \u00e0\u00a0<strong>Bordeaux<\/strong>\u00a0et\u00a0<strong>Libourne<\/strong>, pour te pr\u00e9senter les locaux, les parcours et r\u00e9pondre \u00e0 toutes tes questions.<\/p>\n<p style=\"font-size:16px\"><strong>Au programme de la matin\u00e9e :<\/strong><\/p>\n<p id=\"block-6a5f1462-4468-49b2-b756-ea78e912f149\" style=\"font-size:16px\"><strong>Toute la matin\u00e9e<\/strong>\u00a0: visites des campus avec les ambassadeurs, rencontre avec les formateurs et \u00e9changes avec des charg\u00e9s de recrutement.<\/p>\n<p style=\"font-size:16px\"><strong>10h00 \u2013 10h30<\/strong>\u00a0: Workshop m\u00e9tiers Relation Client \u2013 Banque Assurance<br \/><strong>10h30 \u2013 11h00<\/strong>\u00a0: Workshop m\u00e9tiers Administration \u2013 Ressources Humaines<br \/><strong>11h00 \u2013 11h30<\/strong>\u00a0: Workshop m\u00e9tiers de la Communication<br \/><strong>11h30 \u2013 12h00<\/strong>\u00a0: Workshop m\u00e9tiers du Commerce<br \/><strong>12h00 \u2013 13h00<\/strong>\u00a0: Conf\u00e9rence \u201cAlternance : Mode d\u2019emploi\u201d<\/p>\n<p style=\"font-size:16px\">Alors, t\u2019attends quoi pour d\u00e9couvrir ta future \u00e9cole ? <\/p>\n<p><img loading=\"lazy\" decoding=\"async\" width=\"1024\" height=\"537\" src=\"https:\/\/www.europesays.com\/fr\/wp-content\/uploads\/2025\/10\/JPO_etudiantsmeta_1200x628-1024x537.png\" alt=\"\" class=\"wp-image-84632\" style=\"width:604px;height:auto\"  \/><\/p>\n<p class=\"has-text-align-center\" id=\"block-0ba05d21-d1c6-48cb-a3f0-8d0e1e37929b\" style=\"font-size:16px\"><strong>On bouge ?<\/strong><br \/>\ud83d\udccd<strong>Campus de Bordeaux<\/strong>\u00a0: 10 rue Ren\u00e9 Cassin, 33300 Bordeaux<br \/>\ud83d\udccd<strong>Campus de Libourne<\/strong>\u00a0: 33 rue Max Linder, 33504 Libourne Cedex<br \/>\ud83d\udcc5 Samedi 11 octobre \u2022 9h30 \u00e0 13h30<br \/>\ud83d\udc9b Ouvert \u00e0 toutes et tous<br \/>\u27a1\ufe0f<a href=\"https:\/\/www.campusdulac.com\/events\/portes-ouvertes-special-sup-11-10-2025\/\" rel=\"nofollow noopener\" target=\"_blank\">Informations et inscription<\/a><br \/>\ud83d\udcf2\u00a0<a href=\"https:\/\/www.campusdulac.com\/\" target=\"_blank\" rel=\"noreferrer noopener nofollow\">Site Web<\/a> \u2022\u00a0<a href=\"https:\/\/www.facebook.com\/campusdulac\" target=\"_blank\" rel=\"noreferrer noopener nofollow\">Facebook<\/a> \u2022 <a href=\"https:\/\/www.instagram.com\/campusdulac\/\" rel=\"nofollow noopener\" target=\"_blank\">Instagram<\/a><\/p>\n<p>DIMANCHE 12 OCTOBRE<\/p>\n<p>Village des sciences 2025 \u2013 Cap sciences<\/p>\n<p id=\"block-756cc87e-fe5d-4662-95ec-78f69e368bfc\" style=\"font-size:16px\">Tu t\u2019es d\u00e9j\u00e0 demand\u00e9 ce que signifie vraiment \u00ab <strong>intelligence <\/strong>\u00bb ? Peut-elle se cacher dans une machine, dans la nature, ou m\u00eame dans l\u2019espace ? Et toi, comment vois-tu ton intelligence ?<\/p>\n<p style=\"font-size:16px\">Alors viens explorer toutes ces questions au <strong>Village des Sciences 2025<\/strong> \u00e0 <strong>Cap Sciences<\/strong> ! Pendant deux jours, tu pourras exp\u00e9rimenter, jouer et rencontrer des scientifiques pour comprendre comment la science explore l\u2019intelligence sous toutes ses formes. <\/p>\n<p style=\"font-size:16px\">Au programme : <strong>ateliers, jeux, escape games, mini-conf\u00e9rences, tables rondes et expos interactives.<\/strong> Tu pourras tester, r\u00e9fl\u00e9chir, d\u00e9battre\u2026 et surtout t\u2019amuser tout en te posant de nouvelles questions sur le vivant, les machines et l\u2019univers !<\/p>\n<p id=\"block-756cc87e-fe5d-4662-95ec-78f69e368bfc\" style=\"font-size:16px\">L\u2019\u00e9v\u00e9nement est <strong>gratuit et ouvert \u00e0 tous<\/strong>, mais certaines animations n\u00e9cessitent une <strong>inscription sur place<\/strong>. Alors, pr\u00eat\u00b7e \u00e0 te lancer dans cette aventure scientifique et \u00e0 partager ce moment ?<\/p>\n<p><img loading=\"lazy\" decoding=\"async\" width=\"621\" height=\"875\" src=\"https:\/\/www.europesays.com\/fr\/wp-content\/uploads\/2025\/10\/cartcom-VDS-105x150-BD_page-0001-1.jpg\" alt=\"\" class=\"wp-image-84636\" style=\"width:392px;height:auto\"  \/><\/p>\n<p class=\"has-text-align-center\" id=\"block-d7a9dbe0-b9a0-45e7-99b9-8078d3bf2b0c\" style=\"font-size:16px\"><strong>On bouge ?<\/strong><br \/>\ud83d\udccdCap Sciences, Hangar 20, Quai de Bacalan, 33300 Bordeaux<br \/>\ud83d\udcc5 Samedi 11 et dimanche 12 octobre \u2022 De 14h \u00e0 19h<br \/>\ud83d\udc9b Ouvert \u00e0 tous.tes<br \/>\u27a1\ufe0f<a href=\"https:\/\/www.cap-sciences.net\/au-programme\/evenement\/grand-public\/village-des-sciences-2025-intelligences\/\" target=\"_blank\" rel=\"noreferrer noopener nofollow\">Pour plus d\u2019informations<\/a> <br \/>\ud83d\udcf2\u00a0<a href=\"https:\/\/www.cap-sciences.net\" target=\"_blank\" rel=\"noreferrer noopener nofollow\">Site web<\/a> \u2022\u00a0<a href=\"https:\/\/www.instagram.com\/capsciences\/\" target=\"_blank\" rel=\"noreferrer noopener nofollow\">Instagram<\/a> \u2022 <a href=\"https:\/\/www.facebook.com\/cap.sciences\/\" rel=\"nofollow noopener\" target=\"_blank\">Facebook<\/a><\/p>\n<p id=\"block-fcb688ba-8b3d-4bff-946a-f630ab52dfdf\" style=\"font-size:16px\">Alors tu bouges o\u00f9 cette semaine ?<\/p>\n<p style=\"font-size:16px\">Photo de couverture : \u00a9 <a href=\"https:\/\/www.instagram.com\/leylie_photographie\/\" rel=\"nofollow noopener\" target=\"_blank\">@leylie_photographie<\/a><\/p>\n<p id=\"block-6f9e9826-ab5f-4f6f-843d-366db55de50a\" style=\"font-size:16px\">\u00c0 lire aussi : <a href=\"https:\/\/www.bougerabordeaux.com\/actu\/news\/le-petit-fute-a-sorti-son-bordeaux-city-book-2026\/\" target=\"_blank\" rel=\"noreferrer noopener nofollow\">Le Petit Fut\u00e9 a sorti son Bordeaux City Book 2026 !<\/a><\/p>\n<p>\t\t<script async src=\"\/\/www.instagram.com\/embed.js\"><\/script><\/p>\n","protected":false},"excerpt":{"rendered":"\ud83c\udf42\ud83c\udf42 L\u2019air se rafra\u00eechit et les feuilles tombent, mais Bordeaux reste en feu \ud83d\udd25 Entre concerts, spectacles qui&hellip;\n","protected":false},"author":2,"featured_media":436344,"comment_status":"","ping_status":"","sticky":false,"template":"","format":"standard","meta":{"footnotes":""},"categories":[2817],"tags":[1111,11,1997,1777,674,1011,27,12,2219,25],"class_list":{"0":"post-439312","1":"post","2":"type-post","3":"status-publish","4":"format-standard","5":"has-post-thumbnail","7":"category-bordeaux","8":"tag-actu","9":"tag-actualites","10":"tag-bordeaux","11":"tag-eu","12":"tag-europe","13":"tag-fr","14":"tag-france","15":"tag-news","16":"tag-nouvelle-aquitaine","17":"tag-republique-francaise"},"share_on_mastodon":{"url":"https:\/\/pubeurope.com\/@fr\/115317698429346676","error":""},"_links":{"self":[{"href":"https:\/\/www.europesays.com\/fr\/wp-json\/wp\/v2\/posts\/439312","targetHints":{"allow":["GET"]}}],"collection":[{"href":"https:\/\/www.europesays.com\/fr\/wp-json\/wp\/v2\/posts"}],"about":[{"href":"https:\/\/www.europesays.com\/fr\/wp-json\/wp\/v2\/types\/post"}],"author":[{"embeddable":true,"href":"https:\/\/www.europesays.com\/fr\/wp-json\/wp\/v2\/users\/2"}],"replies":[{"embeddable":true,"href":"https:\/\/www.europesays.com\/fr\/wp-json\/wp\/v2\/comments?post=439312"}],"version-history":[{"count":0,"href":"https:\/\/www.europesays.com\/fr\/wp-json\/wp\/v2\/posts\/439312\/revisions"}],"wp:featuredmedia":[{"embeddable":true,"href":"https:\/\/www.europesays.com\/fr\/wp-json\/wp\/v2\/media\/436344"}],"wp:attachment":[{"href":"https:\/\/www.europesays.com\/fr\/wp-json\/wp\/v2\/media?parent=439312"}],"wp:term":[{"taxonomy":"category","embeddable":true,"href":"https:\/\/www.europesays.com\/fr\/wp-json\/wp\/v2\/categories?post=439312"},{"taxonomy":"post_tag","embeddable":true,"href":"https:\/\/www.europesays.com\/fr\/wp-json\/wp\/v2\/tags?post=439312"}],"curies":[{"name":"wp","href":"https:\/\/api.w.org\/{rel}","templated":true}]}}