{"id":439319,"date":"2025-10-04T20:10:22","date_gmt":"2025-10-04T20:10:22","guid":{"rendered":"https:\/\/www.europesays.com\/fr\/439319\/"},"modified":"2025-10-04T20:10:22","modified_gmt":"2025-10-04T20:10:22","slug":"quelques-changements-dans-le-onze-du-psg-face-a-lille","status":"publish","type":"post","link":"https:\/\/www.europesays.com\/fr\/439319\/","title":{"rendered":"Quelques changements dans le onze du PSG face \u00e0 Lille ? &#8211;"},"content":{"rendered":"<p><img width=\"700\" height=\"350\" src=\"https:\/\/www.europesays.com\/fr\/wp-content\/uploads\/2025\/10\/loscpsg.png\" class=\"attachment-jannah-image-post size-jannah-image-post wp-post-image\" alt=\"Loscpsg\" is_main_img=\"1\" decoding=\"async\" fetchpriority=\"high\"  \/><\/p>\n<p>Le PSG se d\u00e9place \u00e0 Lille demain soir (20h45, Ligue 1 +) en<br \/>\ncl\u00f4ture de la septi\u00e8me journ\u00e9e de Ligue 1. Luis Enrique devrait<br \/>\neffectuer quelques changements dans son onze de d\u00e9part.<\/p>\n<p>Apr\u00e8s son beau succ\u00e8s sur la pelouse de<br \/>\n<strong>Barcelone<\/strong> mercredi soir <a href=\"https:\/\/canal-supporters.com\/les-coulisses-de-la-victoire-du-psg-contre-le-fc-barcelone\/\" title=\"\" target=\"_blank\" rel=\"noopener\">(1-2)<\/a>, le <strong>PSG<\/strong> retrouve les terrains<br \/>\ndemain soir avec le d\u00e9placement \u00e0 <strong>Lille<\/strong> en cl\u00f4ture<br \/>\nde la septi\u00e8me journ\u00e9e de <strong>Ligue 1<\/strong>. Pour cette<br \/>\nderni\u00e8re rencontre avant la tr\u00eave internationale, <strong><a href=\"https:\/\/canal-supporters.com\/luis-enrique-le-resultat-ne-changera-pas-notre-mentalite-on-continue-a-jouer-de-la-meme-maniere\/\" title=\"\" target=\"_blank\" rel=\"noopener\">Luis Enrique<\/a><\/strong> devra faire sans plusieurs<br \/>\njoueurs importants<br \/>\n(<strong>Neves<\/strong>,\u00a0<strong>Dou\u00e9<\/strong>,\u00a0<strong>Demb\u00e9l\u00e9<\/strong>,\u00a0<strong>Ruiz<\/strong>,\u00a0<strong>Marquinhos<\/strong>,\u00a0<strong>Kvaratskhelia<\/strong>).<br \/>\nMalgr\u00e9 cela, le coach du <strong>PSG<\/strong> devrait aligner une<br \/>\n\u00e9quipe comp\u00e9titive contre les Lillois.\u00a0<\/p>\n<p>A voir aussi : <a href=\"https:\/\/canal-supporters.com\/losc-psg-le-point-medical-avec-beaucoup-dabsents\/\" title=\"\" target=\"_blank\" rel=\"noopener\">LOSC \/ PSG \u2013 Le point m\u00e9dical avec beaucoup<br \/>\nd\u2019absents<\/a><\/p>\n<p><a href=\"https:\/\/x.com\/CanalSupporters\" target=\"_blank\" rel=\"noopener\" title=\"\">canalsupporters.com<\/a><\/p>\n<p>Mayulu de retour<br \/>\nau milieu de terrain<\/p>\n<p>Dans les buts, <strong>Lucas Chevalier<\/strong> devrait jouer<br \/>\npour la premi\u00e8re fois de sa carri\u00e8re de l\u2019autre c\u00f4t\u00e9 du terrain,<br \/>\nlui qui a sign\u00e9 au <strong>PSG<\/strong> cet \u00e9t\u00e9 en provenance de<br \/>\n<strong>Lille<\/strong>. Pour la d\u00e9fense, il devrait y avoir deux<br \/>\nchangements par rapport \u00e0 l\u2019\u00e9quipe align\u00e9e sur la pelouse de<br \/>\n<strong>Montjuic<\/strong>. <strong>Lucas Beraldo<\/strong> devrait<br \/>\nprendre la place de <strong>Willian Pacho<\/strong> en d\u00e9fense<br \/>\ncentrale \u00e0 c\u00f4t\u00e9 d\u2019<strong>Illia Zabarnyi<\/strong>. Auteur d\u2019une<br \/>\ntr\u00e8s bonne entr\u00e9e, <strong>Lucas Hernandez<\/strong> devrait prendre<br \/>\nla place de <strong>Nuno Mendes<\/strong> dans le couloir gauche.<br \/>\nEnfin, <strong>Achraf Hakimi<\/strong> devrait, lui, encha\u00eener dans<br \/>\nson couloir droit, selon <a href=\"https:\/\/www.leparisien.fr\/sports\/football\/ligue-1\/lille-psg-la-composition-probable-des-parisiens-avec-beraldo-mayulu-et-lee-titulaires-04-10-2025-SN3FT4KQTZB23KNTEC5ELWJOYY.php\" target=\"_blank\" rel=\"noopener\" title=\"\">Le Parisien<\/a>. Au<br \/>\nmilieu de terrain, <strong>Luis Enrique<\/strong> devrait<br \/>\ntitulariser <strong>Warren Za\u00efre-Emery<\/strong>,<br \/>\n<strong>Vitinha<\/strong> et <strong>Senny Mayulu<\/strong>. Buteur<br \/>\nprovidentiel contre le <strong>Bar\u00e7a<\/strong>, <strong>Gon\u00e7alo<br \/>\nRamos<\/strong> devrait \u00eatre titulaire en pointe. Il serait<br \/>\naccompagn\u00e9 par <strong>Kang-in Lee<\/strong> et <strong>Bradley<br \/>\nBarcola<\/strong>.<\/p>\n<ul class=\"wp-block-list\">\n<li>Le XI probable du <strong>PSG<\/strong> selon Le Parisien : \u00a0Chevalier \u2013 Hakimi (cap.), Zabarnyi, Beraldo, Hernandez \u2013 Za\u00efre-Emery, Vitinha, Mayulu \u2013 Lee, Ramos, Barcola<\/li>\n<\/ul>\n","protected":false},"excerpt":{"rendered":"Le PSG se d\u00e9place \u00e0 Lille demain soir (20h45, Ligue 1 +) en cl\u00f4ture de la septi\u00e8me journ\u00e9e&hellip;\n","protected":false},"author":2,"featured_media":439320,"comment_status":"","ping_status":"","sticky":false,"template":"","format":"standard","meta":{"footnotes":""},"categories":[2815],"tags":[56627,1111,11,785,81,56628,13120,4479,1777,674,1011,27,86,811,37380,5047,5048,5049,66,1611,1307,56358,56629,56630,790,17477,921,1612,12,626,91,92,93,20338,25,1615,56631,96,12801],"class_list":{"0":"post-439319","1":"post","2":"type-post","3":"status-publish","4":"format-standard","5":"has-post-thumbnail","7":"category-lille","8":"tag-7e-journee","9":"tag-actu","10":"tag-actualites","11":"tag-beraldo","12":"tag-canal-supporters","13":"tag-compos-probables","14":"tag-compositions-probables","15":"tag-enrique","16":"tag-eu","17":"tag-europe","18":"tag-fr","19":"tag-france","20":"tag-goncalo-ramos","21":"tag-hauts-de-france","22":"tag-hernandez","23":"tag-kang-in-lee","24":"tag-lee","25":"tag-lee-kang-in","26":"tag-ligue-1","27":"tag-ligue-1-macdonalds","28":"tag-lille","29":"tag-lille-psg","30":"tag-losc-psg","31":"tag-loscpsg","32":"tag-lucas-beraldo","33":"tag-lucas-hernandez","34":"tag-luis-enrique","35":"tag-mayulu","36":"tag-news","37":"tag-paris","38":"tag-paris-saint-germain","39":"tag-paris-sg","40":"tag-psg","41":"tag-ramos","42":"tag-republique-francaise","43":"tag-senny-mayulu","44":"tag-septieme-journee","45":"tag-une","46":"tag-xi-probable"},"share_on_mastodon":{"url":"","error":"Validation failed: Text character limit of 500 exceeded"},"_links":{"self":[{"href":"https:\/\/www.europesays.com\/fr\/wp-json\/wp\/v2\/posts\/439319","targetHints":{"allow":["GET"]}}],"collection":[{"href":"https:\/\/www.europesays.com\/fr\/wp-json\/wp\/v2\/posts"}],"about":[{"href":"https:\/\/www.europesays.com\/fr\/wp-json\/wp\/v2\/types\/post"}],"author":[{"embeddable":true,"href":"https:\/\/www.europesays.com\/fr\/wp-json\/wp\/v2\/users\/2"}],"replies":[{"embeddable":true,"href":"https:\/\/www.europesays.com\/fr\/wp-json\/wp\/v2\/comments?post=439319"}],"version-history":[{"count":0,"href":"https:\/\/www.europesays.com\/fr\/wp-json\/wp\/v2\/posts\/439319\/revisions"}],"wp:featuredmedia":[{"embeddable":true,"href":"https:\/\/www.europesays.com\/fr\/wp-json\/wp\/v2\/media\/439320"}],"wp:attachment":[{"href":"https:\/\/www.europesays.com\/fr\/wp-json\/wp\/v2\/media?parent=439319"}],"wp:term":[{"taxonomy":"category","embeddable":true,"href":"https:\/\/www.europesays.com\/fr\/wp-json\/wp\/v2\/categories?post=439319"},{"taxonomy":"post_tag","embeddable":true,"href":"https:\/\/www.europesays.com\/fr\/wp-json\/wp\/v2\/tags?post=439319"}],"curies":[{"name":"wp","href":"https:\/\/api.w.org\/{rel}","templated":true}]}}