{"id":439321,"date":"2025-10-04T20:11:11","date_gmt":"2025-10-04T20:11:11","guid":{"rendered":"https:\/\/www.europesays.com\/fr\/439321\/"},"modified":"2025-10-04T20:11:11","modified_gmt":"2025-10-04T20:11:11","slug":"rassemblement-a-marseille-et-paris-en-soutien-au-collectif-marocain-genz-212","status":"publish","type":"post","link":"https:\/\/www.europesays.com\/fr\/439321\/","title":{"rendered":"Rassemblement \u00e0 Marseille et Paris en soutien au collectif marocain \u00ab\u00a0GenZ 212\u00a0\u00bb"},"content":{"rendered":"<p>Deux rassemblements ont eu lieu \u00e0 Paris et Marseille, ce samedi apr\u00e8s-midi 4 octobre, en soutien au collectif de jeunes Marocains \u00ab\u00a0GenZ 212\u00a0\u00bb qui <a href=\"https:\/\/www.laprovence.com\/article\/france-monde\/2435772442950414\/deux-morts-au-maroc-dans-un-contexte-de-violences-inedites-au-cinquieme-jour-des-protestations\" target=\"_blank\" rel=\"noopener\">manifeste depuis une semaine dans plusieurs villes du Maroc<\/a> pour r\u00e9clamer de meilleurs services de sant\u00e9 et d&rsquo;\u00e9ducation. A l&rsquo;initiative de la diaspora marocaine, une centaine de personnes se sont rassembl\u00e9es dans le calme \u00e0 quelques dizaines de m\u00e8tres du Consulat du Maroc \u00e0 Marseille, a constat\u00e9 un journaliste de l&rsquo;AFP.<\/p>\n<p>Des manifestants ont brandi des affiches portant l&rsquo;inscription : \u00ab\u00a0Corruption stop\u00a0\u00bb ou encore \u00ab\u00a0anti CAN\u00a0\u00bb, en r\u00e9f\u00e9rence \u00e0 la Coupe d\u2019Afrique des nations pr\u00e9vue en d\u00e9cembre au Maroc. Au Maroc, des manifestations sociales in\u00e9dites par leur spontan\u00e9it\u00e9 sont organis\u00e9es par un collectif de jeunes marocains et marocaines \u00ab\u00a0GenZ 212\u00a0\u00bb depuis le 27 septembre.<\/p>\n<p>Trois personnes tu\u00e9es au Maroc<\/p>\n<p>Ce mouvement, aux fondateurs inconnus et sans affiliation politique, a initi\u00e9 des protestations dans plusieurs villes apr\u00e8s la mort \u00e0 l&rsquo;h\u00f4pital public d&rsquo;Agadir (sud) de huit femmes enceintes admises pour des c\u00e9sariennes. En marge des manifestations, trois personnes ont \u00e9t\u00e9 tu\u00e9es dans la nuit de mercredi \u00e0 jeudi par des gendarmes \u00ab\u00a0en l\u00e9gitime d\u00e9fense\u00a0\u00bb alors qu&rsquo;elles tentaient \u00ab\u00a0de prendre d&rsquo;assaut\u00a0\u00bb une brigade de gendarmerie dans le village de Lqlia\u00e2, pr\u00e8s d&rsquo;Agadir, pour s&#8217;emparer d&rsquo;armes et de munitions, selon les autorit\u00e9s.<\/p>\n<p>Le rassemblement \u00e0 Marseille \u00ab\u00a0est surtout pour soutenir la jeunesse au Maroc, qui est dans la rue depuis plusieurs jours, qui demande vraiment des choses tr\u00e8s basiques, un meilleur syst\u00e8me d&rsquo;\u00e9ducation, un meilleur syst\u00e8me de sant\u00e9\u00a0\u00bb, a expliqu\u00e9 le Franco-Marocain Reda, qui n&rsquo;a pas souhait\u00e9 donner son nom de famille. Pour Lamia R., enseignante \u00e2g\u00e9e de 30 ans, il s&rsquo;agit aussi de \u00ab\u00a0demander d&rsquo;arr\u00eater la r\u00e9pression polici\u00e8re\u00a0\u00bb. A Paris, le rassemblement au Trocad\u00e9ro a rassembl\u00e9 400 personnes, selon un d\u00e9compte de la Pr\u00e9fecture de police de Paris.<\/p>\n","protected":false},"excerpt":{"rendered":"Deux rassemblements ont eu lieu \u00e0 Paris et Marseille, ce samedi apr\u00e8s-midi 4 octobre, en soutien au collectif&hellip;\n","protected":false},"author":2,"featured_media":439322,"comment_status":"","ping_status":"","sticky":false,"template":"","format":"standard","meta":{"footnotes":""},"categories":[2814],"tags":[17,1111,11,7819,1777,674,1011,27,56632,28480,884,12,626,882,3919,25,104,7618],"class_list":{"0":"post-439321","1":"post","2":"type-post","3":"status-publish","4":"format-standard","5":"has-post-thumbnail","7":"category-marseille","8":"tag-17","9":"tag-actu","10":"tag-actualites","11":"tag-collectif","12":"tag-eu","13":"tag-europe","14":"tag-fr","15":"tag-france","16":"tag-genz","17":"tag-marocain","18":"tag-marseille","19":"tag-news","20":"tag-paris","21":"tag-provence-alpes-cote-dazur","22":"tag-rassemblement","23":"tag-republique-francaise","24":"tag-societe","25":"tag-soutien"},"share_on_mastodon":{"url":"https:\/\/pubeurope.com\/@fr\/115317721767914594","error":""},"_links":{"self":[{"href":"https:\/\/www.europesays.com\/fr\/wp-json\/wp\/v2\/posts\/439321","targetHints":{"allow":["GET"]}}],"collection":[{"href":"https:\/\/www.europesays.com\/fr\/wp-json\/wp\/v2\/posts"}],"about":[{"href":"https:\/\/www.europesays.com\/fr\/wp-json\/wp\/v2\/types\/post"}],"author":[{"embeddable":true,"href":"https:\/\/www.europesays.com\/fr\/wp-json\/wp\/v2\/users\/2"}],"replies":[{"embeddable":true,"href":"https:\/\/www.europesays.com\/fr\/wp-json\/wp\/v2\/comments?post=439321"}],"version-history":[{"count":0,"href":"https:\/\/www.europesays.com\/fr\/wp-json\/wp\/v2\/posts\/439321\/revisions"}],"wp:featuredmedia":[{"embeddable":true,"href":"https:\/\/www.europesays.com\/fr\/wp-json\/wp\/v2\/media\/439322"}],"wp:attachment":[{"href":"https:\/\/www.europesays.com\/fr\/wp-json\/wp\/v2\/media?parent=439321"}],"wp:term":[{"taxonomy":"category","embeddable":true,"href":"https:\/\/www.europesays.com\/fr\/wp-json\/wp\/v2\/categories?post=439321"},{"taxonomy":"post_tag","embeddable":true,"href":"https:\/\/www.europesays.com\/fr\/wp-json\/wp\/v2\/tags?post=439321"}],"curies":[{"name":"wp","href":"https:\/\/api.w.org\/{rel}","templated":true}]}}