{"id":439323,"date":"2025-10-04T20:12:18","date_gmt":"2025-10-04T20:12:18","guid":{"rendered":"https:\/\/www.europesays.com\/fr\/439323\/"},"modified":"2025-10-04T20:12:18","modified_gmt":"2025-10-04T20:12:18","slug":"les-premiers-mots-de-nayef-aguerd-apres-la-victoire-de-lom-a-metz-3-a-0","status":"publish","type":"post","link":"https:\/\/www.europesays.com\/fr\/439323\/","title":{"rendered":"les premiers mots de Nayef Aguerd apr\u00e8s la victoire de l&rsquo;OM \u00e0 Metz 3 \u00e0 0."},"content":{"rendered":"<p>On ne l&rsquo;avait pas encore eu au micro depuis son arriv\u00e9e le 1er septembre, dernier jour du mercato, Nayef Aguerd a donn\u00e9 son sentiment sur la belle victoire des Marseillais \u00e0 Metz (0-3), il a \u00e9galement parl\u00e9 de son int\u00e9gration, et de ses objectifs.<\/p>\n<p>L&rsquo;Olympique de Marseille enchaine une quatri\u00e8me victoire de rang ce soir \u00e0 St Symphorien face \u00e0 la lanterne rouge, le FC Metz.<\/p>\n<p>Une victoire \u00e0 l&rsquo;ext\u00e9rieur acquise sur le score de 3 \u00e0 0, gr\u00e2ce \u00e0 un r\u00e9alisme d\u00e9velopp\u00e9 en deuxi\u00e8me p\u00e9riode.<\/p>\n<p>Les 45 premi\u00e8res minutes ont vu les Marseillais se procurer quelques occasions par Gomes et Greenwood, mais les filets messins n&rsquo;avaient pas trembl\u00e9.<\/p>\n<p>Apr\u00e8s la pause, tout est all\u00e9 plus vite et surtout \u00ab\u00a0droit au fond des buts mosellans\u00a0\u00bb.<\/p>\n<p>Paix\u00e3o, puis O&rsquo;Riley et Gouiri ont trouv\u00e9 la faille pour ouvrir une victoire et une premi\u00e8re place de Ligue 1 provisoirement aux hommes de Roberto De Zerbi, qui ne sont plus les m\u00eames que lors du mois d&rsquo;ao\u00fbt.<\/p>\n<p>En zone mixte, Nayef Aguerd s&rsquo;est exprim\u00e9 pour la premi\u00e8re fois depuis son arriv\u00e9e.<\/p>\n<p>Le d\u00e9fenseur marocain calme et serein, nous a expliqu\u00e9 sa vision de l&rsquo;OM de septembre, avec beaucoup de bons r\u00e9sultats et du contenu.<\/p>\n<p><strong>Retrouvez les mots du num\u00e9ro 21 de l&rsquo;OM apr\u00e8s cette victoire \u00e0 Metz, Nayef Aguerd. <\/strong><\/p>\n<p><strong>(images et interview, Karim Attab, Maritima M\u00e9dias)<\/strong><\/p>\n","protected":false},"excerpt":{"rendered":"On ne l&rsquo;avait pas encore eu au micro depuis son arriv\u00e9e le 1er septembre, dernier jour du mercato,&hellip;\n","protected":false},"author":2,"featured_media":439324,"comment_status":"","ping_status":"","sticky":false,"template":"","format":"standard","meta":{"footnotes":""},"categories":[2814],"tags":[56633,12023,1111,11,1777,674,1011,27,884,55288,12,1176,149,882,25],"class_list":{"0":"post-439323","1":"post","2":"type-post","3":"status-publish","4":"format-standard","5":"has-post-thumbnail","7":"category-marseille","8":"tag-metzom","9":"tag-teamom","10":"tag-actu","11":"tag-actualites","12":"tag-eu","13":"tag-europe","14":"tag-fr","15":"tag-france","16":"tag-marseille","17":"tag-nayef-aguerd","18":"tag-news","19":"tag-olympique-de-marseille","20":"tag-om","21":"tag-provence-alpes-cote-dazur","22":"tag-republique-francaise"},"share_on_mastodon":{"url":"https:\/\/pubeurope.com\/@fr\/115317725355188237","error":""},"_links":{"self":[{"href":"https:\/\/www.europesays.com\/fr\/wp-json\/wp\/v2\/posts\/439323","targetHints":{"allow":["GET"]}}],"collection":[{"href":"https:\/\/www.europesays.com\/fr\/wp-json\/wp\/v2\/posts"}],"about":[{"href":"https:\/\/www.europesays.com\/fr\/wp-json\/wp\/v2\/types\/post"}],"author":[{"embeddable":true,"href":"https:\/\/www.europesays.com\/fr\/wp-json\/wp\/v2\/users\/2"}],"replies":[{"embeddable":true,"href":"https:\/\/www.europesays.com\/fr\/wp-json\/wp\/v2\/comments?post=439323"}],"version-history":[{"count":0,"href":"https:\/\/www.europesays.com\/fr\/wp-json\/wp\/v2\/posts\/439323\/revisions"}],"wp:featuredmedia":[{"embeddable":true,"href":"https:\/\/www.europesays.com\/fr\/wp-json\/wp\/v2\/media\/439324"}],"wp:attachment":[{"href":"https:\/\/www.europesays.com\/fr\/wp-json\/wp\/v2\/media?parent=439323"}],"wp:term":[{"taxonomy":"category","embeddable":true,"href":"https:\/\/www.europesays.com\/fr\/wp-json\/wp\/v2\/categories?post=439323"},{"taxonomy":"post_tag","embeddable":true,"href":"https:\/\/www.europesays.com\/fr\/wp-json\/wp\/v2\/tags?post=439323"}],"curies":[{"name":"wp","href":"https:\/\/api.w.org\/{rel}","templated":true}]}}