{"id":439327,"date":"2025-10-04T20:14:10","date_gmt":"2025-10-04T20:14:10","guid":{"rendered":"https:\/\/www.europesays.com\/fr\/439327\/"},"modified":"2025-10-04T20:14:10","modified_gmt":"2025-10-04T20:14:10","slug":"top-14-esteban-gonzalez-lyon-mystifie-la-defense-de-bordeaux","status":"publish","type":"post","link":"https:\/\/www.europesays.com\/fr\/439327\/","title":{"rendered":"Top 14. Esteban Gonzalez (Lyon) mystifie la d\u00e9fense de Bordeaux"},"content":{"rendered":"<p>            Par<br \/>\n        <strong><br \/>\n            <a href=\"https:\/\/actu.fr\/auteur\/tanguy-scigala\" title=\"Consulter tous les articles de Tanguy Scigala\" target=\"_blank\" rel=\"noopener\">Tanguy Scigala<\/a><br \/>\n        <\/strong><\/p>\n<p>        Publi\u00e9 le<\/p>\n<p>            4 oct. 2025 \u00e0 21h52        <\/p>\n<p>Titulaire pour la premi\u00e8re fois de sa carri\u00e8re en Top 14 (il en avait connu une l\u2019an dernier face aux Zebre en Challenge Cup, NDLR), Esteban Gonzalez s\u2019est offert un premier essai en professionnel. D\u2019une course folle, le num\u00e9ro 9 a mystifi\u00e9 toute la d\u00e9fense bordelaise avec deux d\u00e9fenseurs battus.<\/p>\n<p class=\" wall-content\">Dans cette rencontre, il n\u2019en \u00e9tait pas \u00e0 son coup d\u2019essai. Il avait d\u00e9j\u00e0 fais plus ou moins la m\u00eame chose quelques minutes plus t\u00f4t mais cette fois le demi-de-m\u00eal\u00e9e est all\u00e9 \u00e0 dame. R\u00e9cup\u00e9rant le ballon au sortir d\u2019un ruck, le petit bonhomme de 1,77m passe entre tous ces grands gaillards, surprenant toute la d\u00e9fense bordelo-b\u00e9glaise et viendra ensuite mystifier l\u2019arri\u00e8re girondin Jon Echegaray.<\/p>\n<p class=\" wall-content\">\n<p>Plein d\u2019assurance \u00e0 seulement 19 ans<\/p>\n<p class=\" wall-content\">C\u2019est encore un tr\u00e8s jeune joueur qui profite surtout de la blessure de Baptiste Couilloud mais Esteban Gonzalez a d\u00e9j\u00e0 des qualit\u00e9s qui parlent pour lui. S\u00e9rieux dans son jeu, le num\u00e9ro 9 de 19 ans compte, sur cette premi\u00e8re p\u00e9riode, 56 m\u00e8tres parcourus ballon en mains, 2 d\u00e9fenseurs battus, 1 essai, 1 franchissement, 18 passes r\u00e9ussies, 4 plaquages r\u00e9ussis et tout cela en seulement trois courses.\u00a0<\/p>\n<p class=\" wall-content\">Personnalisez votre actualit\u00e9 en ajoutant vos villes et m\u00e9dias en favori avec <a href=\"https:\/\/moncompte.actu.fr\" title=\"D\u00e9couvez Mon Actu\" rel=\"nofollow noopener\" data-trk=\"{&quot;cta&quot;:{&quot;action&quot;:&quot;https:\\\/\\\/moncompte.actu.fr&quot;,&quot;category&quot;:&quot;mon compte&quot;,&quot;from&quot;:&quot;article footer&quot;,&quot;name&quot;:&quot;Mon actu&quot;,&quot;type&quot;:&quot;cta&quot;}}\" target=\"_blank\">Mon Actu<\/a>.<\/p>\n","protected":false},"excerpt":{"rendered":"Par Tanguy Scigala Publi\u00e9 le 4 oct. 2025 \u00e0 21h52 Titulaire pour la premi\u00e8re fois de sa carri\u00e8re&hellip;\n","protected":false},"author":2,"featured_media":439328,"comment_status":"","ping_status":"","sticky":false,"template":"","format":"standard","meta":{"footnotes":""},"categories":[1889],"tags":[1111,11,2430,1777,674,1011,27,2428,8854,12,25,479,60,478,4435],"class_list":{"0":"post-439327","1":"post","2":"type-post","3":"status-publish","4":"format-standard","5":"has-post-thumbnail","7":"category-lyon","8":"tag-actu","9":"tag-actualites","10":"tag-auvergne-rhone-alpes","11":"tag-eu","12":"tag-europe","13":"tag-fr","14":"tag-france","15":"tag-lyon","16":"tag-lyon-olympique-universitaire-lou","17":"tag-news","18":"tag-republique-francaise","19":"tag-rugby","20":"tag-sports","21":"tag-top-14","22":"tag-ubb-union-bordeaux-begles"},"share_on_mastodon":{"url":"https:\/\/pubeurope.com\/@fr\/115317732988539190","error":""},"_links":{"self":[{"href":"https:\/\/www.europesays.com\/fr\/wp-json\/wp\/v2\/posts\/439327","targetHints":{"allow":["GET"]}}],"collection":[{"href":"https:\/\/www.europesays.com\/fr\/wp-json\/wp\/v2\/posts"}],"about":[{"href":"https:\/\/www.europesays.com\/fr\/wp-json\/wp\/v2\/types\/post"}],"author":[{"embeddable":true,"href":"https:\/\/www.europesays.com\/fr\/wp-json\/wp\/v2\/users\/2"}],"replies":[{"embeddable":true,"href":"https:\/\/www.europesays.com\/fr\/wp-json\/wp\/v2\/comments?post=439327"}],"version-history":[{"count":0,"href":"https:\/\/www.europesays.com\/fr\/wp-json\/wp\/v2\/posts\/439327\/revisions"}],"wp:featuredmedia":[{"embeddable":true,"href":"https:\/\/www.europesays.com\/fr\/wp-json\/wp\/v2\/media\/439328"}],"wp:attachment":[{"href":"https:\/\/www.europesays.com\/fr\/wp-json\/wp\/v2\/media?parent=439327"}],"wp:term":[{"taxonomy":"category","embeddable":true,"href":"https:\/\/www.europesays.com\/fr\/wp-json\/wp\/v2\/categories?post=439327"},{"taxonomy":"post_tag","embeddable":true,"href":"https:\/\/www.europesays.com\/fr\/wp-json\/wp\/v2\/tags?post=439327"}],"curies":[{"name":"wp","href":"https:\/\/api.w.org\/{rel}","templated":true}]}}