{"id":439329,"date":"2025-10-04T20:18:14","date_gmt":"2025-10-04T20:18:14","guid":{"rendered":"https:\/\/www.europesays.com\/fr\/439329\/"},"modified":"2025-10-04T20:18:14","modified_gmt":"2025-10-04T20:18:14","slug":"les-republicains-et-le-modem-font-monter-la-pression-avant-la-formation-du-gouvernement-olivier-faure-se-dit-pret-a-la-censure-si-la-donne-ne-change-pas","status":"publish","type":"post","link":"https:\/\/www.europesays.com\/fr\/439329\/","title":{"rendered":"Les R\u00e9publicains et le MoDem font monter la pression avant la formation du gouvernement\u00a0; Olivier Faure se dit pr\u00eat \u00ab\u00a0\u00e0 la censure\u00a0\u00bb si \u00ab\u00a0la donne ne change pas\u00a0\u00bb"},"content":{"rendered":"<p>                          <img loading=\"lazy\" decoding=\"async\" src=\"https:\/\/www.europesays.com\/fr\/wp-content\/uploads\/2025\/10\/5c8c126_ftp-import-images-1-0qbwgfvftnup-5067805-01-06.jpg\" alt=\"Le ministre de l\u2019int\u00e9rieur d\u00e9missionnaire, Bruno Retailleau, le 3\u00a0octobre \u00e0 Paris. \"   width=\"664\" height=\"443\"\/>    Le ministre de l\u2019int\u00e9rieur d\u00e9missionnaire, Bruno Retailleau, le 3\u00a0octobre \u00e0 Paris.  DIMITAR DILKOFF\/AFP                        <\/p>\n<p class=\"article__paragraph  \">Quels partis seront pr\u00e9sents dans le gouvernement de S\u00e9bastien Lecoonu\u00a0? Alors que le premier ministre doit d\u00e9voiler son \u00e9quipe minist\u00e9rielle d\u2019ici mardi, date de sa d\u00e9claration de politique g\u00e9n\u00e9rale \u00e0 l\u2019Assembl\u00e9e, Les R\u00e9publicains et le MoDem ont fait monter la pression, samedi 4\u00a0octobre.<\/p>\n<p class=\"article__paragraph  \">Initialement pr\u00e9vue samedi soir, une r\u00e9union des dirigeants LR pour d\u00e9cider de la participation de la droite au futur gouvernement a finalement \u00e9t\u00e9 report\u00e9e \u00e0 dimanche, a annonc\u00e9 le pr\u00e9sident du parti Bruno Retailleau \u00e0 ses troupes.<\/p>\n<p class=\"article__paragraph  \">\u00ab\u00a0Les \u00e9changes avec Matignon se sont poursuivis [samedi] mais ont encore besoin d\u2019\u00eatre prolong\u00e9s\u00a0\u00bb, \u00e9crit le ministre de l\u2019int\u00e9rieur d\u00e9missionnaire dans un message aux parlementaires LR, consult\u00e9 par l\u2019AFP. Les R\u00e9publicains avaient demand\u00e9 au premier ministre une feuille de route \u00e9crite avant de s\u2019engager sur une participation au gouvernement.<\/p>\n<p>                                     Lire aussi |  Article r\u00e9serv\u00e9 \u00e0 nos abonn\u00e9s  <a href=\"https:\/\/www.lemonde.fr\/politique\/article\/2025\/10\/04\/bruno-retailleau-conditionne-toujours-la-participation-de-lr-au-futur-gouvernement-lecornu_6644353_823448.html\" class=\"js-article-read-also catcher--favoris__link\" data-premium=\"1\" id=\"article-title-3440758\" rel=\"nofollow noopener\" target=\"_blank\">Bruno Retailleau conditionne toujours la participation de LR au futur gouvernement Lecornu<\/a>    <\/p>\n<p>   Lire plus tard  <\/p>\n<p class=\"article__paragraph  \">Le pr\u00e9sident du parti, M.\u00a0Retailleau, avait notamment fustig\u00e9 jeudi lors d\u2019une visio avec les parlementaires le manque d\u2019engagements de M.\u00a0Lecornu sur l\u2019immigration\u00a0: \u00ab\u00a0Il n\u2019y a rien de rien\u00a0\u00bb, avait-il lanc\u00e9, manifestement irrit\u00e9 de ne pas voir satisfaite sa demande de confier \u00e0 Beauvau \u00ab\u00a0toute la politique de visas\u00a0\u00bb, de revoir l\u2019aide m\u00e9dicale d\u2019Etat (AME) ou de r\u00e9tablir le d\u00e9lit de s\u00e9jour irr\u00e9gulier.<\/p>\n<p>                  Demande de \u00ab\u00a0clarification\u00a0\u00bb du MoDem                  <\/p>\n<p class=\"article__paragraph  \">Outre Les R\u00e9publicains, le pr\u00e9sident du groupe des d\u00e9put\u00e9s MoDem, Marc Fesneau, tente \u00e9galement de peser sur les futurs choix de M. Lecornu en appelant \u00e0 \u00ab\u00a0une clarification sur le fond\u00a0\u00bb dans un courrier destin\u00e9 samedi au premier ministre, consult\u00e9 par Le Monde.<\/p>\n<p class=\"article__paragraph  \">\u00ab\u00a0Pour notre groupe, il ne serait pas acceptable que le pacte que nous formons avec les forces du bloc central depuis 2017 ne soit d\u00e9sormais plus que la variable d\u2019ajustement de n\u00e9gociations avec la Droite R\u00e9publicaine ou le Parti socialiste\u00a0\u00bb, pr\u00e9vient l\u2019ancien ministre de l\u2019agriculture. M.\u00a0Fesneau souhaite \u00e9galement \u00ab\u00a0conna\u00eetre beaucoup plus pr\u00e9cis\u00e9ment\u00a0\u00bb les \u00ab\u00a0priorit\u00e9s et orientations en vue du budget\u00a0\u00bb, avant de menacer d\u2019une \u00e9ventuelle absence de soutien au futur gouvernement de M. Lecornu \u00e0 l\u2019Assembl\u00e9e.<\/p>\n<p>                                     Lire aussi |  Article r\u00e9serv\u00e9 \u00e0 nos abonn\u00e9s  <a href=\"https:\/\/www.lemonde.fr\/politique\/article\/2025\/10\/03\/budget-abandon-du-49-3-les-dessous-de-la-methode-lecornu_6644260_823448.html\" class=\"js-article-read-also catcher--favoris__link\" data-premium=\"1\" id=\"article-title-3440722\" rel=\"nofollow noopener\" target=\"_blank\">Budget, abandon du 49.3\u00a0: les dessous de la m\u00e9thode Lecornu<\/a>    <\/p>\n<p>   Lire plus tard  <\/p>\n<p class=\"article__paragraph  \">\u00ab\u00a0Nous devons (\u2026) conna\u00eetre votre m\u00e9thode, votre approche sur le fond et l\u2019architecture gouvernementale envisag\u00e9e qui, ensemble, doivent exprimer cette volont\u00e9 d\u2019\u00e9quilibre. Et c\u2019est sur cette base que nous vous indiquerons les modalit\u00e9s du soutien que notre groupe pourra apporter\u00a0\u00bb, pr\u00e9cise M. Fesneau, estimant que \u00ab\u00a0pour s\u2019engager sinc\u00e8rement, il faut savoir ce sur quoi, sinc\u00e8rement, on nous demande de nous engager\u00a0\u00bb.<\/p>\n<p>                  \u00ab\u00a0P\u00e9ril d\u2019une dissolution\u00a0\u00bb                  <\/p>\n<p class=\"article__paragraph  \">Face \u00e0 ces tiraillements dans la coalition gouvernementale compos\u00e9e jusqu\u2019ici du bloc central \u2013 Renaissance, MoDem et Horizons \u2013 et des LR, le Parti socialiste maintient aussi sa pression sur M. Lecornu. Le premier secr\u00e9taire du PS, Olivier Faure, estime que \u00ab\u00a0nous nous dirigeons tout droit vers la censure\u00a0\u00bb du gouvernement si \u00ab\u00a0la donne ne change pas\u00a0\u00bb <a href=\"https:\/\/www.leparisien.fr\/politique\/olivier-faure-nous-nous-dirigeons-tout-droit-vers-la-censure-04-10-2025-QTSM4VTMVRDSXKUQ6KWBMMZIRM.php\" target=\"_blank\" rel=\"noopener nofollow\" title=\"Nouvelle fen\u00eatre\">dans un entretien au Parisien<\/a> diffus\u00e9 samedi soir.<\/p>\n<p> Newsletter  <\/p>\n<p> <a href=\"https:\/\/www.lemonde.fr\/newsletters\/politique\/\" class=\"inread__link js-services-inread-link\" target=\"_blank\" rel=\"nofollow noopener\">  <\/p>\n<p>\u00ab Politique \u00bb<\/p>\n<p>Chaque semaine, \u00ab Le Monde \u00bb analyse pour vous les enjeux de l&rsquo;actualit\u00e9 politique<\/p>\n<p>S&rsquo;inscrire<\/p>\n<p> <\/a>             <\/p>\n<p class=\"article__paragraph  \">\u00ab\u00a0Nous sommes pr\u00eats \u00e0 prendre une d\u00e9cision simple, qui est celle de la censure au p\u00e9ril d\u2019une dissolution qui n\u2019est pas souhait\u00e9e par les Fran\u00e7ais, mais que nous sommes pr\u00eats \u00e0 assumer devant eux\u00a0\u00bb, explique le d\u00e9put\u00e9 de Seine-et-Marne, appelant S\u00e9bastien Lecornu \u00e0 revoir d\u2019ici mardi et la d\u00e9claration de politique g\u00e9n\u00e9rale sa copie budg\u00e9taire, consid\u00e9r\u00e9e comme \u00ab\u00a0un copier-coller de celle de Fran\u00e7ois Bayrou\u00a0\u00bb. Alors que le premier ministre a sembl\u00e9 faire des gestes en direction de la gauche en envisageant la cr\u00e9ation d\u2019une taxe sur les holdings familiales, M.\u00a0Faure a d\u00e9nonc\u00e9 \u00ab\u00a0un simple jeu d\u2019\u00e9criture\u00a0\u00bb, \u00ab\u00a0un jeu de bonneteau\u00a0\u00bb, \u00e9pinglant plusieurs pistes d\u2019\u00e9conomies, comme celles sur les franchises m\u00e9dicales.<\/p>\n<p class=\"article__paragraph  \">Quant au renoncement de l\u2019usage du 49.3 \u2013 une revendication socialiste \u2013 par le premier ministre, Olivier Faure \u00ab\u00a0ne m\u00e9prise pas\u00a0\u00bb ce pas mais le juge insuffisant\u00a0: \u00ab\u00a0puisque le 49.3 est d\u00e9sormais consid\u00e9r\u00e9 comme une anomalie d\u00e9mocratique, cela suppose que l\u2019on puisse revenir sur une r\u00e9forme qui n\u2019a \u00e9t\u00e9 adopt\u00e9e que gr\u00e2ce au 49.3\u00a0\u00bb.<\/p>\n<p>                                     Lire aussi |  Article r\u00e9serv\u00e9 \u00e0 nos abonn\u00e9s  <a href=\"https:\/\/www.lemonde.fr\/politique\/article\/2025\/10\/04\/budget-2026-le-ps-dans-le-piege-de-sebastien-lecornu_6644372_823448.html\" class=\"js-article-read-also catcher--favoris__link\" data-premium=\"1\" id=\"article-title-3440752\" rel=\"nofollow noopener\" target=\"_blank\">Budget 2026\u00a0: le PS dans le pi\u00e8ge de S\u00e9bastien Lecornu<\/a>    <\/p>\n<p>   Lire plus tard  <\/p>\n<p class=\"article__paragraph  \">Plus t\u00f4t dans la journ\u00e9e samedi, c\u2019est un ancien socialiste, et membre du gouvernement Bayrou, Fran\u00e7ois Rebsman, qui a annonc\u00e9 qu\u2019il ne souhaite pas faire partie de la nouvelle \u00e9quipe minist\u00e9rielle. \u00ab\u00a0J\u2019ai inform\u00e9 le premier ministre S\u00e9bastien Lecornu de ma d\u00e9cision de ne pas faire partie de son gouvernement\u00a0\u00bb, a-t-il fait savoir dans un communiqu\u00e9.<\/p>\n<p>                             <img loading=\"lazy\" decoding=\"async\" src=\"https:\/\/www.europesays.com\/fr\/wp-content\/uploads\/2025\/10\/3d24cc3_upload-1-i1vs8p6aw7ri-000-66wa3tf.jpg\" alt=\"Le ministre de l\u2019am\u00e9nagement du territoire d\u00e9missionnaire, Fran\u00e7ois Rebsamen, \u00e0 l\u2019Elys\u00e9e, le 16\u00a0juillet\u00a02025.\"   width=\"664\" height=\"443\"\/>    Le ministre de l\u2019am\u00e9nagement du territoire d\u00e9missionnaire, Fran\u00e7ois Rebsamen, \u00e0 l\u2019Elys\u00e9e, le 16\u00a0juillet\u00a02025.  LUDOVIC MARIN\/AFP                        <\/p>\n<p class=\"article__paragraph  \">Le pr\u00e9sident de Dijon m\u00e9tropole explique sa d\u00e9cision par ses \u00ab\u00a0convictions d\u2019homme de gauche, progressiste\u00a0\u00bb ainsi que par son \u00ab\u00a0attachement \u00e0 la justice fiscale et sociale, \u00e0 la r\u00e9duction des in\u00e9galit\u00e9s\u00a0\u00bb. L\u2019ancien ministre socialiste durant le mandat de Fran\u00e7ois Hollande \u2013 et qui a rompu avec le PS en soutenant Emmanuel Macron en\u00a02022 \u2013 apporte toutefois un \u00ab\u00a0soutien exigeant\u00a0\u00bb au futur gouvernement. \u00ab\u00a0Je souhaite au nouveau gouvernement de r\u00e9ussir dans l\u2019int\u00e9r\u00eat des Fran\u00e7ais qui ont besoin de stabilit\u00e9\u00a0\u00bb, explique-t-il dans ce communiqu\u00e9.<\/p>\n<p class=\"author__detail\">  Le Monde avec AFP  <\/p>\n<p>                  <a href=\"https:\/\/www.lemonde.fr\/syndication\/\" class=\"reuse__content\" title=\"R\u00e9utiliser ce contenu\" target=\"_blank\" rel=\"nofollow noopener\">R\u00e9utiliser ce contenu<\/a>      <\/p>\n","protected":false},"excerpt":{"rendered":"Le ministre de l\u2019int\u00e9rieur d\u00e9missionnaire, Bruno Retailleau, le 3\u00a0octobre \u00e0 Paris. DIMITAR DILKOFF\/AFP Quels partis seront pr\u00e9sents dans&hellip;\n","protected":false},"author":2,"featured_media":439330,"comment_status":"","ping_status":"","sticky":false,"template":"","format":"standard","meta":{"footnotes":""},"categories":[1888],"tags":[1111,1928,11,1927,1777,674,1011,27,12,1926,626,1925,25],"class_list":{"0":"post-439329","1":"post","2":"type-post","3":"status-publish","4":"format-standard","5":"has-post-thumbnail","7":"category-paris","8":"tag-actu","9":"tag-actu-paris","10":"tag-actualites","11":"tag-actualites-paris","12":"tag-eu","13":"tag-europe","14":"tag-fr","15":"tag-france","16":"tag-news","17":"tag-news-paris","18":"tag-paris","19":"tag-paris-news","20":"tag-republique-francaise"},"share_on_mastodon":{"url":"https:\/\/pubeurope.com\/@fr\/115317749403894338","error":""},"_links":{"self":[{"href":"https:\/\/www.europesays.com\/fr\/wp-json\/wp\/v2\/posts\/439329","targetHints":{"allow":["GET"]}}],"collection":[{"href":"https:\/\/www.europesays.com\/fr\/wp-json\/wp\/v2\/posts"}],"about":[{"href":"https:\/\/www.europesays.com\/fr\/wp-json\/wp\/v2\/types\/post"}],"author":[{"embeddable":true,"href":"https:\/\/www.europesays.com\/fr\/wp-json\/wp\/v2\/users\/2"}],"replies":[{"embeddable":true,"href":"https:\/\/www.europesays.com\/fr\/wp-json\/wp\/v2\/comments?post=439329"}],"version-history":[{"count":0,"href":"https:\/\/www.europesays.com\/fr\/wp-json\/wp\/v2\/posts\/439329\/revisions"}],"wp:featuredmedia":[{"embeddable":true,"href":"https:\/\/www.europesays.com\/fr\/wp-json\/wp\/v2\/media\/439330"}],"wp:attachment":[{"href":"https:\/\/www.europesays.com\/fr\/wp-json\/wp\/v2\/media?parent=439329"}],"wp:term":[{"taxonomy":"category","embeddable":true,"href":"https:\/\/www.europesays.com\/fr\/wp-json\/wp\/v2\/categories?post=439329"},{"taxonomy":"post_tag","embeddable":true,"href":"https:\/\/www.europesays.com\/fr\/wp-json\/wp\/v2\/tags?post=439329"}],"curies":[{"name":"wp","href":"https:\/\/api.w.org\/{rel}","templated":true}]}}