{"id":439344,"date":"2025-10-04T20:26:12","date_gmt":"2025-10-04T20:26:12","guid":{"rendered":"https:\/\/www.europesays.com\/fr\/439344\/"},"modified":"2025-10-04T20:26:12","modified_gmt":"2025-10-04T20:26:12","slug":"en-allemagne-le-patron-cest-kompany-le-bayern-sechappe-deja-en-tete-de-la-bundesliga","status":"publish","type":"post","link":"https:\/\/www.europesays.com\/fr\/439344\/","title":{"rendered":"En Allemagne, le patron c&rsquo;est Kompany : le Bayern s&rsquo;\u00e9chappe d\u00e9j\u00e0 en t\u00eate de la Bundesliga"},"content":{"rendered":"<p>Kompany, au plus que parfait ! <\/p>\n<p class=\"ap-StoryElement ap-StoryElement--mb ap-StoryText\">Au soir de la 6e journ\u00e9e, les Munichois affichent un bilan proche de la perfection avec 18 points (le maximum possible), 25 buts inscrits pour seulement 3 encaiss\u00e9s.<\/p>\n<p class=\"ap-StoryElement ap-StoryElement--mb ap-StoryText\">Cette victoire, cumul\u00e9e au match nul entre le Borussia Dortmund et le RB Leipzig trois heures plus t\u00f4t, offre d\u00e9sormais aux joueurs de Vincent Kompany quatre points d&rsquo;avance sur le BVB (14), cinq sur Leipzig (13) et sept sur le Bayer Leverkusen (11).<\/p>\n<p><a href=\"https:\/\/www.dhnet.be\/sports\/football\/europe\/championnatsetrangers\/2025\/10\/04\/deux-records-europeens-et-une-pluie-de-buts-cest-loktoberfest-de-vincent-kompany-gagner-pour-profiter-pleinement-3HCI6KEDFZF4NMUTO4WJALF37A\/\" target=\"_blank\" rel=\"noopener noreferrer\" class=\"ap-StoryInterstitialLink ap-StoryElement ap-StoryElement--mb\">Icon payant Deux records europ\u00e9ens et une pluie de buts, c&rsquo;est l&rsquo;Oktoberfest de Vincent Kompany: \u00ab\u00a0Gagner pour profiter pleinement\u00a0\u00bb<\/a><\/p>\n<p class=\"ap-StoryElement ap-StoryElement--mb ap-StoryText\">Au Waldstadion, les Munichois ont d\u00e9marr\u00e9 tambour battant avec une ouverture du score apr\u00e8s seulement 14 secondes gr\u00e2ce au Colombien Luis Diaz, qui devient le troisi\u00e8me buteur munichois le plus rapide en championnat derri\u00e8re le Br\u00e9silien Giovane Elber (11 secondes contre Hambourg en 1998) et l&rsquo;Allemand Lothar Matth\u00e4us (13 secondes contre M\u00f6nchengladbach en 1986).<\/p>\n<p class=\"ap-StoryElement ap-StoryElement--mb ap-StoryText\">Peu avant la demi-heure de jeu, Harry Kane a une nouvelle fois fait admirer son exceptionnelle technique de tir, doublant la mise (27e) d&rsquo;une frappe au ras du sol, hors de port\u00e9e de Kaua Santos.<\/p>\n<p class=\"ap-StoryElement ap-StoryElement--mb ap-StoryText\">Kane est le premier joueur dans l&rsquo;histoire de la Bundesliga \u00e0 inscrire 11 buts lors des six premi\u00e8res journ\u00e9es. En 10 matches jou\u00e9s toutes comp\u00e9titions confondues, tous remport\u00e9s par le Bayern, Kane en est d\u00e9j\u00e0 \u00e0 18 buts.<\/p>\n<p class=\"ap-StoryElement ap-StoryElement--mb ap-StoryText\">En seconde p\u00e9riode, l&rsquo;Anglais de 32 ans a touch\u00e9 le poteau sur une passe acrobatique de Dayot Upamecano. Dans les cinq derni\u00e8res minutes, Diaz a sign\u00e9 son premier doubl\u00e9 (84e) sous ses nouvelles couleurs.<\/p>\n<p class=\"ap-StoryElement ap-StoryElement--mb ap-StoryText\">Apr\u00e8s la fen\u00eatre internationale, les Munichois recevront le Borussia Dortmund \u00e0 l&rsquo;Allianz Arena le samedi 18 octobre, pour le Klassiker du football allemand, avant la r\u00e9ception de Bruges en Ligue des champions quatre jours plus tard.<\/p>\n<p>Dortmund pi\u00e9tine, Leverkusen encha\u00eene<\/p>\n<p class=\"ap-StoryElement ap-StoryElement--mb ap-StoryText\">Samedi \u00e0 domicile, Dortmund a \u00e9t\u00e9 accroch\u00e9 par Leipzig. Moins de 72 heures apr\u00e8s avoir domin\u00e9 l&rsquo;Athletic Bilbao (4-1) lors de la deuxi\u00e8me journ\u00e9e de la Ligue des champions, les co\u00e9quipiers de Nico Schlotterbeck ont \u00e9t\u00e9 rapidement men\u00e9s au score.<\/p>\n<p class=\"ap-StoryElement ap-StoryElement--mb ap-StoryText\">Sur un coup franc jou\u00e9 court par le RB dans la moiti\u00e9 de terrain de Dortmund, Nicolas Seiwald a trouv\u00e9 la t\u00eate d&rsquo;Assan Ou\u00e9draogo. Christoph Baumgartner a parfaitement ajust\u00e9 le gardien du BVB Gregor Kobel pour ouvrir le score (7e).<\/p>\n<p class=\"ap-StoryElement ap-StoryElement--mb ap-StoryText\">Men\u00e9 pour la premi\u00e8re fois de la saison en Bundesliga, le Borussia a r\u00e9agi un quart d&rsquo;heure plus tard, par Yan Couto (24e). Sur une balle dans le dos de la d\u00e9fense de Leipzig de Ramy Bensebaini pour Maximilian Beier, l&rsquo;international allemand a trouv\u00e9 Serhou Guirassy en pivot, qui a donn\u00e9 en retrait pour le Br\u00e9silien, dont la frappe d\u00e9vi\u00e9e par Baumgartner a pris le gardien de Leipzig Peter Gulacsi \u00e0 contre-pied.<\/p>\n<p class=\"ap-StoryElement ap-StoryElement--mb ap-StoryText\">Les deux \u00e9quipes restaient sur quatre victoires cons\u00e9cutives en Bundesliga apr\u00e8s leur faux-d\u00e9part inaugural, un match nul pour Dortmund \u00e0 St. Pauli (3-3, apr\u00e8s avoir men\u00e9 3-1 \u00e0 l&rsquo;entame du temps additionnel), et une correction 6-0 re\u00e7ue \u00e0 Munich par Leipzig contre le Bayern.<\/p>\n<p class=\"ap-StoryElement ap-StoryElement--mb ap-StoryText\">Derri\u00e8re le trio de t\u00eate, le Bayer Leverkusen de Kasper Hjulmand a enfin encha\u00een\u00e9 un deuxi\u00e8me succ\u00e8s en Bundesliga, une victoire \u00e0 domicile contre l&rsquo;Union Berlin (2-0), gr\u00e2ce \u00e0 des buts d&rsquo;Ernest Poku (33e) et Christian Kofane (49e).<\/p>\n<p class=\"ap-StoryElement ap-StoryElement--mb ap-StoryText\">Le jeune Camerounais de 19 ans, qui a profit\u00e9 d&rsquo;une \u00e9norme erreur de relance de Frederik R\u00f6nnow pour mettre son \u00e9quipe \u00e0 l&rsquo;abri en d\u00e9but de seconde p\u00e9riode, avait d\u00e9j\u00e0 marqu\u00e9 mercredi contre le PSV Eindhoven en Ligue des champions (1-1).<\/p>\n","protected":false},"excerpt":{"rendered":"Kompany, au plus que parfait ! Au soir de la 6e journ\u00e9e, les Munichois affichent un bilan proche&hellip;\n","protected":false},"author":2,"featured_media":439345,"comment_status":"","ping_status":"","sticky":false,"template":"","format":"standard","meta":{"footnotes":""},"categories":[1587],"tags":[11,672,1804,1805,1803,1777,674,2257,3021,1801,12,1802],"class_list":{"0":"post-439344","1":"post","2":"type-post","3":"status-publish","4":"format-standard","5":"has-post-thumbnail","7":"category-allemagne","8":"tag-actualites","9":"tag-allemagne","10":"tag-bundesrepublik-deutschland","11":"tag-de","12":"tag-deutschland","13":"tag-eu","14":"tag-europe","15":"tag-foot","16":"tag-ger","17":"tag-germany","18":"tag-news","19":"tag-republique-federale-dallemagne"},"share_on_mastodon":{"url":"https:\/\/pubeurope.com\/@fr\/115317780209575297","error":""},"_links":{"self":[{"href":"https:\/\/www.europesays.com\/fr\/wp-json\/wp\/v2\/posts\/439344","targetHints":{"allow":["GET"]}}],"collection":[{"href":"https:\/\/www.europesays.com\/fr\/wp-json\/wp\/v2\/posts"}],"about":[{"href":"https:\/\/www.europesays.com\/fr\/wp-json\/wp\/v2\/types\/post"}],"author":[{"embeddable":true,"href":"https:\/\/www.europesays.com\/fr\/wp-json\/wp\/v2\/users\/2"}],"replies":[{"embeddable":true,"href":"https:\/\/www.europesays.com\/fr\/wp-json\/wp\/v2\/comments?post=439344"}],"version-history":[{"count":0,"href":"https:\/\/www.europesays.com\/fr\/wp-json\/wp\/v2\/posts\/439344\/revisions"}],"wp:featuredmedia":[{"embeddable":true,"href":"https:\/\/www.europesays.com\/fr\/wp-json\/wp\/v2\/media\/439345"}],"wp:attachment":[{"href":"https:\/\/www.europesays.com\/fr\/wp-json\/wp\/v2\/media?parent=439344"}],"wp:term":[{"taxonomy":"category","embeddable":true,"href":"https:\/\/www.europesays.com\/fr\/wp-json\/wp\/v2\/categories?post=439344"},{"taxonomy":"post_tag","embeddable":true,"href":"https:\/\/www.europesays.com\/fr\/wp-json\/wp\/v2\/tags?post=439344"}],"curies":[{"name":"wp","href":"https:\/\/api.w.org\/{rel}","templated":true}]}}