{"id":439350,"date":"2025-10-04T20:29:13","date_gmt":"2025-10-04T20:29:13","guid":{"rendered":"https:\/\/www.europesays.com\/fr\/439350\/"},"modified":"2025-10-04T20:29:13","modified_gmt":"2025-10-04T20:29:13","slug":"pourquoi-ses-fans-pensent-quelle-repond-a-charlie-xcx-dans-son-nouvel-album","status":"publish","type":"post","link":"https:\/\/www.europesays.com\/fr\/439350\/","title":{"rendered":"pourquoi ses fans pensent qu\u2019elle r\u00e9pond \u00e0 Charlie XCX dans son nouvel album"},"content":{"rendered":"<p>        <img decoding=\"async\" loading=\"lazy\" src=\"https:\/\/www.europesays.com\/fr\/wp-content\/uploads\/2025\/10\/308e00f_1724305073840-gettyimages-2158655796.jpg\"  width=\"728\" height=\"409\" alt=\"Taylor Swift\u00a0: pourquoi ses fans pensent qu\u2019elle r\u00e9pond \u00e0 Charlie XCX dans son nouvel album\"\/>  <\/p>\n<p>Jo Hale \/ Redferns<\/p>\n<p>Taylor Swift\u00a0: pourquoi ses fans pensent qu\u2019elle r\u00e9pond \u00e0 Charlie XCX dans son nouvel album<\/p>\n<p class=\"asset asset-text\">CULTURE &#8211; C\u2019est toujours un jeu de piste \u00e0 chaque <a href=\"https:\/\/www.huffingtonpost.fr\/culture\/article\/dans-the-life-of-a-showgirl-taylor-swift-a-credite-george-michael-et-c-est-bien-normal_255552.html\" target=\"_blank\" rel=\"noopener\">sortie de chanson de Taylor Swift\u00a0<\/a>: de qui parle la star dans ses titres\u00a0? Si souvent elle a pu \u00e9voquer sans les nommer ses anciens compagnons, comme Jake Gyllenhaal <a href=\"https:\/\/www.huffingtonpost.fr\/culture\/article\/taylor-swift-conquise-par-la-reprise-de-ryan-gosling-de-all-too-well-lors-du-saturday-night-live_232651.html\" target=\"_blank\" rel=\"noopener\">dans All too well<\/a>, elle peut aussi \u00e9crire sur d\u00e9tracteurs et r\u00e9gler ses comptes. C\u2019est ce que pensent les fans en ce qui concerne le titre Actually Romantic que l\u2019on retrouve dans <a href=\"https:\/\/www.huffingtonpost.fr\/culture\/video\/taylor-swift-sort-un-nouvel-album-et-remet-la-figure-de-la-showgirl-au-gout-du-jour_255472.html\" target=\"_blank\" rel=\"noopener\">son tout nouvel album The Life of A Showgirl<\/a>, d\u00e9voil\u00e9 vendredi 3\u00a0octobre.<\/p>\n<p class=\"asset asset-text\">Les paroles \u00e9voquent une autre pop star dont le nom n\u2019a pas \u00e9t\u00e9 r\u00e9v\u00e9l\u00e9. Comme le souligne la <a href=\"https:\/\/www.bbc.com\/news\/articles\/ckg24xvyzxwo\" target=\"_blank\" rel=\"noopener\" title=\"Nouvelle fen\u00eatre\">BBC<\/a>, lors d\u2019une projection au cin\u00e9ma accompagnant le nouvel album, \u00ab\u00a0Taytay\u00a0\u00bb a expliqu\u00e9 que le morceau est \u00ab\u00a0une lettre d\u2019amour \u00e0 quelqu\u2019un qui vous d\u00e9teste\u00a0\u00bb. Elle a d\u2019ailleurs remerci\u00e9 de fa\u00e7on sarcastique cette personne de lui avoir pr\u00eat\u00e9 attention. \u00ab\u00a0Waouh, c\u2019est vraiment tr\u00e8s gentil de ta part de penser autant \u00e0 moi, m\u00eame si c\u2019est n\u00e9gatif. Dans mon m\u00e9tier, l\u2019attention est synonyme d\u2019affection, et tu m\u2019en as donn\u00e9 \u00e9norm\u00e9ment.\u00a0\u00bb, chante-t-elle.<\/p>\n<p class=\"asset asset-text\">Sur les r\u00e9seaux sociaux les sp\u00e9culations sont all\u00e9es bon train, les fans privil\u00e9giant l\u2019hypoth\u00e8se selon laquelle la chanteuse de 35\u00a0ans parle de Charli XCX.<\/p>\n<p>    \u00ab\u00a0\u00c7a te rend malade de voir mon visage\u00a0\u00bb    <\/p>\n<p class=\"asset asset-text\">Dans ses paroles, <a href=\"https:\/\/www.huffingtonpost.fr\/divertissement\/article\/oh-my-god-cette-journaliste-americaine-a-appris-les-fiancailles-de-taylor-swift-face-a-la-camera_254081.html\" target=\"_blank\" rel=\"noopener\">Taylors Swift<\/a> dit que l\u2019autre chanteuse la qualifie de \u00ab\u00a0Barbie ennuyeuse\u00a0\u00bb et est a \u00e9t\u00e9 ravie s\u2019apprendre que le couple de Swift avait \u00e9t\u00e9 bris\u00e9. \u00ab\u00a0Tu as fait un high five \u00e0 mon ex et tu as dit que tu \u00e9tais content qu\u2019il m\u2019ait ghost\u00e9. Tu m\u2019as \u00e9crit une chanson disant que \u00e7a te rend malade de voir mon visage\u00a0\u00bb, peut-on entendre dans Actually Romantic.<\/p>\n<p class=\"asset asset-text\">Pour les fans, c\u2019est la preuve qu\u2019elle parle bien de Charli XCX et de sa chanson Sympathy is a Knife, issu de son album Brat. Dans celle-ci, Charli \u00e9crit sur le sentiment d\u2019ins\u00e9curit\u00e9 qu\u2019elle ressent \u00e0 l\u2019\u00e9gard d\u2019une femme qui se pr\u00e9sente dans les coulisses du concert de son petit ami.<\/p>\n<p class=\"asset asset-text\">\u00ab\u00a0Je ne sais pas si c\u2019est r\u00e9el ou si je suis en train de sombrer. Une voix me dit qu\u2019ils rient, George dit\u00a0: \u00ab\u00a0Je suis juste parano\u00efaque\u00a0\u00bb , chante-t-elle. Elle ajoute\u00a0: \u00ab\u00a0Je croise les doigts dans mon dos. J\u2019esp\u00e8re qu\u2019ils se s\u00e9pareront tr\u00e8s vite\u00a0\u00bb.<\/p>\n<p class=\"asset asset-text\">Or le petit ami de Charli \u00e0 l\u2019\u00e9poque, et qui est aujourd\u2019hui son mari, George Daniel, est le batteur du groupe The 1975. Taylor Swift est bri\u00e8vement sortie avec le leader du groupe, Matty Healy.<\/p>\n<p class=\"asset asset-text\">Quoi qu\u2019il en soit, Taylor Swift a d\u00e9j\u00e0 d\u00e9clar\u00e9 qu\u2019elle ne r\u00e9v\u00e9lerait jamais publiquement de qui parlent ces chansons.<\/p>\n","protected":false},"excerpt":{"rendered":"Jo Hale \/ Redferns Taylor Swift\u00a0: pourquoi ses fans pensent qu\u2019elle r\u00e9pond \u00e0 Charlie XCX dans son nouvel&hellip;\n","protected":false},"author":2,"featured_media":301304,"comment_status":"","ping_status":"","sticky":false,"template":"","format":"standard","meta":{"footnotes":""},"categories":[2],"tags":[11,251,1011,27,873,12,25,2713],"class_list":{"0":"post-439350","1":"post","2":"type-post","3":"status-publish","4":"format-standard","5":"has-post-thumbnail","7":"category-actualites","8":"tag-actualites","9":"tag-culture","10":"tag-fr","11":"tag-france","12":"tag-musique","13":"tag-news","14":"tag-republique-francaise","15":"tag-taylor-swift"},"share_on_mastodon":{"url":"https:\/\/pubeurope.com\/@fr\/115317792614032724","error":""},"_links":{"self":[{"href":"https:\/\/www.europesays.com\/fr\/wp-json\/wp\/v2\/posts\/439350","targetHints":{"allow":["GET"]}}],"collection":[{"href":"https:\/\/www.europesays.com\/fr\/wp-json\/wp\/v2\/posts"}],"about":[{"href":"https:\/\/www.europesays.com\/fr\/wp-json\/wp\/v2\/types\/post"}],"author":[{"embeddable":true,"href":"https:\/\/www.europesays.com\/fr\/wp-json\/wp\/v2\/users\/2"}],"replies":[{"embeddable":true,"href":"https:\/\/www.europesays.com\/fr\/wp-json\/wp\/v2\/comments?post=439350"}],"version-history":[{"count":0,"href":"https:\/\/www.europesays.com\/fr\/wp-json\/wp\/v2\/posts\/439350\/revisions"}],"wp:featuredmedia":[{"embeddable":true,"href":"https:\/\/www.europesays.com\/fr\/wp-json\/wp\/v2\/media\/301304"}],"wp:attachment":[{"href":"https:\/\/www.europesays.com\/fr\/wp-json\/wp\/v2\/media?parent=439350"}],"wp:term":[{"taxonomy":"category","embeddable":true,"href":"https:\/\/www.europesays.com\/fr\/wp-json\/wp\/v2\/categories?post=439350"},{"taxonomy":"post_tag","embeddable":true,"href":"https:\/\/www.europesays.com\/fr\/wp-json\/wp\/v2\/tags?post=439350"}],"curies":[{"name":"wp","href":"https:\/\/api.w.org\/{rel}","templated":true}]}}