{"id":439357,"date":"2025-10-04T20:37:10","date_gmt":"2025-10-04T20:37:10","guid":{"rendered":"https:\/\/www.europesays.com\/fr\/439357\/"},"modified":"2025-10-04T20:37:10","modified_gmt":"2025-10-04T20:37:10","slug":"gros-probleme-pour-fabio-quartararo-qui-jette-leponge","status":"publish","type":"post","link":"https:\/\/www.europesays.com\/fr\/439357\/","title":{"rendered":"Gros probl\u00e8me pour Fabio Quartararo, qui jette l\u2019\u00e9ponge"},"content":{"rendered":"<p><strong>Une nouvelle fois en difficult\u00e9<br \/>\nau guidon de sa Yamaha, ce week-end en Indon\u00e9sie, Fabio Quartararo<br \/>\ntire d\u00e9j\u00e0 un trait sur ce Grand Prix et se projette sur la<br \/>\nsuite.<\/strong><\/p>\n<p><strong><a href=\"https:\/\/www.sports.fr\/auto-moto\/moto\/un-samedi-de-reve-pour-bezzecchi-956211.html\" rel=\"nofollow noopener\" target=\"_blank\"><br \/>\nEncore un week-end compliqu\u00e9 pour \u00ab\u00a0El<br \/>\nDiablo\u00a0\u00bb<\/a><\/strong>. Victime d\u2019une chute lors de la Q2, ce<br \/>\nsamedi sur le circuit de Mandalika, Fabio Quartararo est malgr\u00e9<br \/>\ntout parvenu \u00e0 accrocher la huiti\u00e8me place sur la grille. Mais<br \/>\nrebelotte lors de la sprint. Apr\u00e8s avoir manqu\u00e9 son d\u00e9part en<br \/>\nraison d\u2019un souci avec l\u2019embrayage de sa M1, le Fran\u00e7ais a forc\u00e9 en<br \/>\nfin de course pour remonter et s\u2019est une nouvelle fois retrouv\u00e9 \u00e0<br \/>\nterre dans le dernier tour.<\/p>\n<p>\u00ab Je ne sais pas ce qu\u2019il s\u2019est pass\u00e9 avec l\u2019embrayage. Je<br \/>\nne sais pas si je l\u2019ai rel\u00e2ch\u00e9 un petit peu trop. J\u2019ai patin\u00e9<br \/>\n\u00e9norm\u00e9ment donc je me suis retrouv\u00e9 dernier. J\u2019ai eu un contact<br \/>\navec Bastianini. J\u2019ai essay\u00e9 de mettre mon rythme et ensuite, comme<br \/>\ndepuis le d\u00e9but du week-end: pas de feeling avec les pneus et avec<br \/>\nla moto \u00bb, a expliqu\u00e9 le champion du monde 2021, d\u00e9sabus\u00e9, au<br \/>\nmicro de Canal+ apr\u00e8s la course sprint.<\/p>\n<blockquote class=\"twitter-tweet\"><p><a class=\"twitter-link\" rel=\"noindex, nofollow noopener\" href=\"https:\/\/twitter.com\/sports_fr\/status\/1971216637052284975\" target=\"_blank\"><\/p><\/blockquote>\n<p>Et d\u2019ajouter: \u00ab\u00a0J\u2019ai essay\u00e9 de remonter, de rouler \u00e0<br \/>\nmon rythme, mais tout le week-end, je me suis senti super mal sur<br \/>\nla moto. Je n\u2019ai pas pu rouler \u00e0 ma fa\u00e7on donc c\u2019est assez bizarre.<br \/>\n(\u2026) J\u2019essaie de trouver les limites, mais \u00e7a fait d\u00e9j\u00e0 deux fois<br \/>\nque je chute aujourd\u2019hui (samedi). On va d\u2019essayer de trouver des<br \/>\nsolutions pour les prochaines courses.\u00a0\u00bb<\/p>\n<p>Quartararo: \u00ab On va essayer de se concentrer sur les courses \u00e0<br \/>\nsuivre \u00bb<\/p>\n<p>Depuis qu\u2019il est arriv\u00e9 en Indon\u00e9sie, Quartararo est confront\u00e9<br \/>\naux m\u00eames probl\u00e8mes, sans parveenir \u00e0 trouver des solutions\u2026<br \/>\n\u00ab\u00a0On n\u2019a rien appris. Il n\u2019y a rien de positif pour le<br \/>\nmoment\u00a0\u00bb, a-t-il d\u00e9plor\u00e9. Le pilote de 26 ans ne se fait<br \/>\ndonc pas d\u2019illusion pour la course de dimanche. Il a m\u00eame d\u00e9j\u00e0<br \/>\nabandonn\u00e9 l\u2019id\u00e9e de faire un bon r\u00e9sultat, pr\u00e9f\u00e9rant travailler<br \/>\npour les prochains Grands Prix.<\/p>\n<p>\u00ab C\u2019est un week-end qui est tr\u00e8s compliqu\u00e9. Surtout de ne<br \/>\npas comprendre pourquoi on a autant de mal et pourquoi les autres<br \/>\nYamaha vont vite. Moi je n\u2019y arrive pas. Cela va \u00eatre compliqu\u00e9 de<br \/>\nr\u00e9gler ces probl\u00e8mes en 24 heures donc on va essayer de se<br \/>\nconcentrer sur les courses \u00e0 suivre \u00bb, a lanc\u00e9 un Quartararo,<br \/>\nqui partira \u00e0 nouveau 8e sur la grille de d\u00e9part dimanche.<\/p>\n<p><script async src=\"https:\/\/platform.twitter.com\/widgets.js\" charset=\"utf-8\"><\/script><\/p>\n","protected":false},"excerpt":{"rendered":"Une nouvelle fois en difficult\u00e9 au guidon de sa Yamaha, ce week-end en Indon\u00e9sie, Fabio Quartararo tire d\u00e9j\u00e0&hellip;\n","protected":false},"author":2,"featured_media":439358,"comment_status":"","ping_status":"","sticky":false,"template":"","format":"standard","meta":{"footnotes":""},"categories":[1413],"tags":[1011,27,1457,1456,60],"class_list":{"0":"post-439357","1":"post","2":"type-post","3":"status-publish","4":"format-standard","5":"has-post-thumbnail","7":"category-moto","8":"tag-fr","9":"tag-france","10":"tag-moto","11":"tag-motocycle","12":"tag-sports"},"share_on_mastodon":{"url":"https:\/\/pubeurope.com\/@fr\/115317823472837378","error":""},"_links":{"self":[{"href":"https:\/\/www.europesays.com\/fr\/wp-json\/wp\/v2\/posts\/439357","targetHints":{"allow":["GET"]}}],"collection":[{"href":"https:\/\/www.europesays.com\/fr\/wp-json\/wp\/v2\/posts"}],"about":[{"href":"https:\/\/www.europesays.com\/fr\/wp-json\/wp\/v2\/types\/post"}],"author":[{"embeddable":true,"href":"https:\/\/www.europesays.com\/fr\/wp-json\/wp\/v2\/users\/2"}],"replies":[{"embeddable":true,"href":"https:\/\/www.europesays.com\/fr\/wp-json\/wp\/v2\/comments?post=439357"}],"version-history":[{"count":0,"href":"https:\/\/www.europesays.com\/fr\/wp-json\/wp\/v2\/posts\/439357\/revisions"}],"wp:featuredmedia":[{"embeddable":true,"href":"https:\/\/www.europesays.com\/fr\/wp-json\/wp\/v2\/media\/439358"}],"wp:attachment":[{"href":"https:\/\/www.europesays.com\/fr\/wp-json\/wp\/v2\/media?parent=439357"}],"wp:term":[{"taxonomy":"category","embeddable":true,"href":"https:\/\/www.europesays.com\/fr\/wp-json\/wp\/v2\/categories?post=439357"},{"taxonomy":"post_tag","embeddable":true,"href":"https:\/\/www.europesays.com\/fr\/wp-json\/wp\/v2\/tags?post=439357"}],"curies":[{"name":"wp","href":"https:\/\/api.w.org\/{rel}","templated":true}]}}