{"id":439361,"date":"2025-10-04T20:39:10","date_gmt":"2025-10-04T20:39:10","guid":{"rendered":"https:\/\/www.europesays.com\/fr\/439361\/"},"modified":"2025-10-04T20:39:10","modified_gmt":"2025-10-04T20:39:10","slug":"cyclisme-championnats-deurope-federica-venturelli-sacree-sur-le-chrono-chez-les-espoirs","status":"publish","type":"post","link":"https:\/\/www.europesays.com\/fr\/439361\/","title":{"rendered":"Cyclisme. Championnats d&rsquo;Europe &#8211; Federica Venturelli sacr\u00e9e sur le chrono chez les espoirs"},"content":{"rendered":"<p><strong>Federica Venturelli<\/strong> a remport\u00e9 le <a href=\"https:\/\/www.cyclismactu.net\/..\/news-championnats-d-europe-route-les-europe-en-france-ce-mercredi-programme-parcours-90370.html\" target=\"_blank\" rel=\"noopener\"><strong>Championnat d&rsquo;Europe<\/strong><\/a> du contre-la-montre chez les espoirs avec brio. L\u2019Italienne, d\u00e9j\u00e0 m\u00e9daill\u00e9e de bronze au r\u00e9cent championnat du monde, a domin\u00e9 la course gr\u00e2ce \u00e0 un final spectaculaire, devan\u00e7ant la Finlandaise <strong>Anniina Ahtosalo <\/strong>et la Belge <strong>Luca Vierstraete<\/strong>. La N\u00e9erlandaise <strong>Nienke Vinke<\/strong>, longtemps en lice pour le podium, termine au pied du podium \u00e0 la 4e place.<\/p>\n<p>Vid\u00e9o &#8211; Federica Venturelli champion d&rsquo;Europe du chrono Lire la suite de l&rsquo;article&#13;<\/p>\n<p>\u00a0<\/p>\n<p>&#13;<br \/>\nVenturelli tr\u00e8s solide&#13;<\/p>\n<p>La course s\u2019est d\u00e9roul\u00e9e dans le d\u00e9partement de la Dr\u00f4me, sur un parcours l\u00e9g\u00e8rement vallonn\u00e9 de 24,1 km avec 176 m\u00e8tres de d\u00e9nivel\u00e9. <strong>Nienke Vinke<\/strong>, a ouvert le bal chez les favorites et a r\u00e9alis\u00e9 un chrono de 35\u201925\u2019\u2019, un temps qui s\u2019est av\u00e9r\u00e9 difficile \u00e0 battre pour de nombreuses concurrentes.\u00a0<strong>Venturelli <\/strong>a pris l\u2019avantage au deuxi\u00e8me interm\u00e9diaire, mais la Belge <strong>Luca Vierstraete <\/strong>restait dans la course \u00e0 seulement trois secondes. Dans le dernier segment, la jeune Italienne \u2013 qui fera ses d\u00e9buts professionnels l\u2019an prochain avec l\u2019<strong>UAE Team ADQ<\/strong> \u2013 a creus\u00e9 l\u2019\u00e9cart pour s\u2019imposer avec plus d\u2019une minute d\u2019avance sur <strong>Vinke<\/strong>. <strong>Ahtosalo <\/strong>d\u00e9croche l\u2019argent \u00e0 47 secondes, tandis que <strong>Vierstraete <\/strong>offre \u00e0 la Belgique une m\u00e9daille historique : jamais une Belge n\u2019avait remport\u00e9 de m\u00e9daille dans la cat\u00e9gorie espoirs.<\/p>\n<p>&#13;<\/p>\n<p>Chez les Fran\u00e7aises,<strong> Sol\u00e8ne Muller<\/strong> se classe 14e et <strong>Eglantine Rayer<\/strong> 16e, confirmant la pr\u00e9sence solide de la rel\u00e8ve tricolore dans cette comp\u00e9tition europ\u00e9enne.<\/p>\n","protected":false},"excerpt":{"rendered":"Federica Venturelli a remport\u00e9 le Championnat d&rsquo;Europe du contre-la-montre chez les espoirs avec brio. L\u2019Italienne, d\u00e9j\u00e0 m\u00e9daill\u00e9e de&hellip;\n","protected":false},"author":2,"featured_media":439362,"comment_status":"","ping_status":"","sticky":false,"template":"","format":"standard","meta":{"footnotes":""},"categories":[1411],"tags":[34841,1154,207,1011,27,209,60,208],"class_list":{"0":"post-439361","1":"post","2":"type-post","3":"status-publish","4":"format-standard","5":"has-post-thumbnail","7":"category-cyclisme","8":"tag-championnats-d","9":"tag-cycling","10":"tag-cyclisme","11":"tag-fr","12":"tag-france","13":"tag-route","14":"tag-sports","15":"tag-velo"},"share_on_mastodon":{"url":"https:\/\/pubeurope.com\/@fr\/115317831691441989","error":""},"_links":{"self":[{"href":"https:\/\/www.europesays.com\/fr\/wp-json\/wp\/v2\/posts\/439361","targetHints":{"allow":["GET"]}}],"collection":[{"href":"https:\/\/www.europesays.com\/fr\/wp-json\/wp\/v2\/posts"}],"about":[{"href":"https:\/\/www.europesays.com\/fr\/wp-json\/wp\/v2\/types\/post"}],"author":[{"embeddable":true,"href":"https:\/\/www.europesays.com\/fr\/wp-json\/wp\/v2\/users\/2"}],"replies":[{"embeddable":true,"href":"https:\/\/www.europesays.com\/fr\/wp-json\/wp\/v2\/comments?post=439361"}],"version-history":[{"count":0,"href":"https:\/\/www.europesays.com\/fr\/wp-json\/wp\/v2\/posts\/439361\/revisions"}],"wp:featuredmedia":[{"embeddable":true,"href":"https:\/\/www.europesays.com\/fr\/wp-json\/wp\/v2\/media\/439362"}],"wp:attachment":[{"href":"https:\/\/www.europesays.com\/fr\/wp-json\/wp\/v2\/media?parent=439361"}],"wp:term":[{"taxonomy":"category","embeddable":true,"href":"https:\/\/www.europesays.com\/fr\/wp-json\/wp\/v2\/categories?post=439361"},{"taxonomy":"post_tag","embeddable":true,"href":"https:\/\/www.europesays.com\/fr\/wp-json\/wp\/v2\/tags?post=439361"}],"curies":[{"name":"wp","href":"https:\/\/api.w.org\/{rel}","templated":true}]}}