{"id":439369,"date":"2025-10-04T20:44:29","date_gmt":"2025-10-04T20:44:29","guid":{"rendered":"https:\/\/www.europesays.com\/fr\/439369\/"},"modified":"2025-10-04T20:44:29","modified_gmt":"2025-10-04T20:44:29","slug":"soizic-etait-persuadee-davoir-tue-martial-elle-recupere-sa-vie-charlie-nune-reagit-au-denouement-du-proces","status":"publish","type":"post","link":"https:\/\/www.europesays.com\/fr\/439369\/","title":{"rendered":"\u00ab\u00a0Soizic \u00e9tait persuad\u00e9e d&rsquo;avoir tu\u00e9 Martial. Elle r\u00e9cup\u00e8re sa vie !\u00a0\u00bb, Charlie Nune r\u00e9agit au d\u00e9nouement du proc\u00e8s"},"content":{"rendered":"<p>T\u00e9l\u00e9-Loisirs a interview\u00e9 Charlie Nune, dont le personnage de Soizic dans Demain nous appartient vient d&rsquo;\u00eatre d\u00e9clar\u00e9e innocente de la mort de son amant Martial. L&rsquo;occasion pour la com\u00e9dienne de r\u00e9agir \u00e0 ce rebondissement et de lever le voile sur son \u00e9tat d&rsquo;esprit.<\/p>\n<p>Ouvert le <a href=\"https:\/\/www.programme-tv.net\/news\/series-tv\/388069-demain-nous-appartient-en-avance-le-proces-commence-mal-pour-soizic-raphaelle-s-emporte-contre-adam-et-martin-le-resume-de-l-episode-2037-du-mardi-23-septembre-2025\/\" data-api-deeplink=\"teleloisirs:\/\/news\/388069\" target=\"_blank\" rel=\"noopener\">mardi 23 septembre 2025, le proc\u00e8s de Soizic,<\/a> jug\u00e9e pour <a href=\"https:\/\/www.programme-tv.net\/news\/series-tv\/381794-demain-nous-appartient-en-avance-martial-est-retrouve-mort-jack-fait-une-nouvelle-rencontre-le-resume-de-l-episode-1973-du-mercredi-25-juin-2025\/\" data-api-deeplink=\"teleloisirs:\/\/news\/381794\" target=\"_blank\" rel=\"noopener\">la mort de Martial<\/a>, semblait se diriger vers <a href=\"https:\/\/www.programme-tv.net\/news\/series-tv\/388355-demain-nous-appartient-en-avance-jordan-jaloux-du-nouveau-mec-de-judith-l-aveu-terrible-de-soizic-qui-va-la-condamner-le-resume-de-l-episode-2040-du-vendredi-26-septembre-2025\/\" data-api-deeplink=\"teleloisirs:\/\/news\/388355\" target=\"_blank\" rel=\"noopener\">la condamnation de la compagne de Fran\u00e7ois et m\u00e8re d&rsquo;Adam<\/a>. Mais un nouvel \u00e9l\u00e9ment d\u00e9nich\u00e9 par Soraya et Gabriel a tout chang\u00e9 lors de l&rsquo;\u00e9pisode du mardi 30 septembre 2025. Ils ont en effet r\u00e9ussi \u00e0 d\u00e9montrer que Martial n&rsquo;avait pas \u00e9t\u00e9 tu\u00e9 par la voiture de Soizic. Il avait en r\u00e9alit\u00e9 \u00e9t\u00e9 victime d&rsquo;un choc au thorax lors d&rsquo;une altercation survenue quelques heures plus t\u00f4t et provoquant son malaise fatidique dans la soir\u00e9e. Un rebondissement salvateur pour Soizic, que son interpr\u00e8te Charlie Nune a comment\u00e9 au micro de T\u00e9l\u00e9-Loisirs.<\/p>\n<p>Demain nous appartient : \u00ab\u00a0Soizic \u00e9tait persuad\u00e9e d&rsquo;avoir tu\u00e9 Martial. Elle r\u00e9cup\u00e8re sa vie !\u00a0\u00bb, Charlie Nune r\u00e9agit au d\u00e9nouement du proc\u00e8s<\/p>\n<p>Apr\u00e8s des mois \u00e0 se sentir coupable <a href=\"https:\/\/www.programme-tv.net\/news\/series-tv\/388407-demain-nous-appartient-c-est-foutu-elle-a-perdu-francois-charlie-nune-reagit-a-la-trahison-de-soizic\/\" data-api-deeplink=\"teleloisirs:\/\/news\/388407\" target=\"_blank\" rel=\"noopener\">de sa tromperie<\/a>, de la mort de Martial et des douleurs inflig\u00e9es \u00e0 ses proches, Soizic est donc innocent\u00e9e. Et ce verdict est un choc pour elle, comme l&rsquo;a confi\u00e9 Charlie Nune lor de son interview avec T\u00e9l\u00e9-Loisirs : \u00ab\u00a0Elle ne comprend pas. Elle n&rsquo;en revient pas. Elle tombe des nues. Elle \u00e9tait persuad\u00e9e d&rsquo;avoir tu\u00e9 Martial. Cela veut dire aussi qu&rsquo;elle r\u00e9cup\u00e8re sa vie.\u00a0\u00bb Et pour la com\u00e9dienne, jouer cette sc\u00e8ne de \u00ab\u00a0r\u00e9v\u00e9lation\u00a0\u00bb n&rsquo;a pas \u00e9t\u00e9 une mince affaire : \u00ab\u00a0Cela a \u00e9t\u00e9 un peu difficile. Le r\u00e9alisateur m&rsquo;a demand\u00e9 de jouer celle qui ne comprend pas. On donne le verdict et elle ne se rend pas compte. Pour elle, c&rsquo;est improbable.\u00a0\u00bb Improbable certes mais bien r\u00e9el. Commence d\u00e9sormais pour Soizic un retour \u00e0 la normale. Un chemin qui risque de comprendre lui aussi quelques emb\u00fbches, notamment vis-\u00e0-vis de Fran\u00e7ois.<\/p>\n<p>                        Demain nous appartient : \u00ab\u00a0Je savais que Soizic \u00e9tait innocente\u00a0\u00bb, les r\u00e9v\u00e9lations de Charlie Nune sur l&rsquo;intrigue de la mort de Martial<\/p>\n<p>Charlie Nune a-t-elle eu peur de voir son personnage croupir en prison ? La r\u00e9ponse est non, comme elle le r\u00e9v\u00e8le \u00e0 T\u00e9l\u00e9-Loisirs : \u00ab\u00a0On m&rsquo;a dit que Soizic \u00e9tait innocente d\u00e8s le d\u00e9but. Je savais qu&rsquo;elle allait sortir de prison.\u00a0\u00bb Son personnage d\u00e9sormais libre, Charlie Nune va retrouver un rythme de travail \u00ab\u00a0normal\u00a0\u00bb, \u00ab\u00a0Je suis ravie de retrouver les plateaux, mes copains, de revenir tourner. J&rsquo;adore travailler sur DNA !\u00a0\u00bb confie-t-elle ainsi avec un r\u00e9el enthousiasme.<\/p>\n","protected":false},"excerpt":{"rendered":"T\u00e9l\u00e9-Loisirs a interview\u00e9 Charlie Nune, dont le personnage de Soizic dans Demain nous appartient vient d&rsquo;\u00eatre d\u00e9clar\u00e9e innocente&hellip;\n","protected":false},"author":2,"featured_media":439370,"comment_status":"","ping_status":"","sticky":false,"template":"","format":"standard","meta":{"footnotes":""},"categories":[1356],"tags":[56638,244,3598,58,59,1011,27,2173,5250,5252,252,199,5251,1364],"class_list":{"0":"post-439369","1":"post","2":"type-post","3":"status-publish","4":"format-standard","5":"has-post-thumbnail","7":"category-television","8":"tag-charlie-nune","9":"tag-commentaire","10":"tag-demain-nous-appartient","11":"tag-divertissement","12":"tag-entertainment","13":"tag-fr","14":"tag-france","15":"tag-interview","16":"tag-lorie","17":"tag-su00e9ries-mania","18":"tag-television","19":"tag-tf1","20":"tag-tu00e9lu00e9-loisirs","21":"tag-tv"},"share_on_mastodon":{"url":"https:\/\/pubeurope.com\/@fr\/115317850951179847","error":""},"_links":{"self":[{"href":"https:\/\/www.europesays.com\/fr\/wp-json\/wp\/v2\/posts\/439369","targetHints":{"allow":["GET"]}}],"collection":[{"href":"https:\/\/www.europesays.com\/fr\/wp-json\/wp\/v2\/posts"}],"about":[{"href":"https:\/\/www.europesays.com\/fr\/wp-json\/wp\/v2\/types\/post"}],"author":[{"embeddable":true,"href":"https:\/\/www.europesays.com\/fr\/wp-json\/wp\/v2\/users\/2"}],"replies":[{"embeddable":true,"href":"https:\/\/www.europesays.com\/fr\/wp-json\/wp\/v2\/comments?post=439369"}],"version-history":[{"count":0,"href":"https:\/\/www.europesays.com\/fr\/wp-json\/wp\/v2\/posts\/439369\/revisions"}],"wp:featuredmedia":[{"embeddable":true,"href":"https:\/\/www.europesays.com\/fr\/wp-json\/wp\/v2\/media\/439370"}],"wp:attachment":[{"href":"https:\/\/www.europesays.com\/fr\/wp-json\/wp\/v2\/media?parent=439369"}],"wp:term":[{"taxonomy":"category","embeddable":true,"href":"https:\/\/www.europesays.com\/fr\/wp-json\/wp\/v2\/categories?post=439369"},{"taxonomy":"post_tag","embeddable":true,"href":"https:\/\/www.europesays.com\/fr\/wp-json\/wp\/v2\/tags?post=439369"}],"curies":[{"name":"wp","href":"https:\/\/api.w.org\/{rel}","templated":true}]}}