{"id":439379,"date":"2025-10-04T20:52:13","date_gmt":"2025-10-04T20:52:13","guid":{"rendered":"https:\/\/www.europesays.com\/fr\/439379\/"},"modified":"2025-10-04T20:52:13","modified_gmt":"2025-10-04T20:52:13","slug":"greta-thunberg-denonce-ses-conditions-de-detention-en-israel","status":"publish","type":"post","link":"https:\/\/www.europesays.com\/fr\/439379\/","title":{"rendered":"Greta Thunberg d\u00e9nonce ses conditions de d\u00e9tention en Isra\u00ebl"},"content":{"rendered":"<p class=\"article-p mdl\">Les militants de la\u00a0<a class=\"link\" href=\"https:\/\/www.rtl.fr\/actu\/international\/drones-explosions-communications-brouillees-la-flottille-pour-gaza-se-dit-ciblee-par-une-attaque-en-mer-7900544956\" target=\"_blank\" rel=\"nofollow noopener\">Global Sumud Flotilla<\/a>\u00a0captur\u00e9s par Isra\u00ebl d\u00e9clarent \u00eatre\u00a0<strong>d\u00e9tenus dans des conditions inhumaines<\/strong>. Au total, les 437 activistes, dont des parlementaires, qui tentaient de briser le blocus maritime impos\u00e9 depuis 16 ans par Isra\u00ebl sur la bande de Gaza en y apportant de l&rsquo;aide humanitaire, sont d\u00e9tenus \u00e0 Ketziot. \u00c9galement connue sous le nom d&rsquo;Ansar III, il s&rsquo;agit d&rsquo;une prison de haute s\u00e9curit\u00e9 situ\u00e9e dans le d\u00e9sert du N\u00e9guev,\u00a0principalement utilis\u00e9e pour d\u00e9tenir des prisonniers palestiniens accus\u00e9s par Isra\u00ebl d\u2019activit\u00e9s militantes ou terroristes.<\/p>\n<p class=\"article-p mdl\">La militante \u00e9cologiste Greta Thunberg a inform\u00e9 les autorit\u00e9s su\u00e9doises qu&rsquo;elle subissait, lors de sa d\u00e9tention, <strong>un traitement brutal<\/strong>, selon une correspondance que\u00a0<a class=\"link\" href=\"https:\/\/www.theguardian.com\/world\/2025\/oct\/04\/greta-thunberg-israel-gaza-sweden\" target=\"_blank\" rel=\"nofollow noopener\">The Guardian<\/a>\u00a0a pu consulter.<\/p>\n<p class=\"article-p mdl\">Dans un courriel envoy\u00e9 par le minist\u00e8re su\u00e9dois des Affaires \u00e9trang\u00e8res \u00e0 des proches de Greta Thunberg, un responsable ayant rendu visite \u00e0 la militante a indiqu\u00e9 qu&rsquo;elle \u00e9tait <strong>d\u00e9tenue dans une \u00ab\u00a0cellule infest\u00e9e de punaises de lit\u00a0\u00bb<\/strong>. Il a \u00e9galement signal\u00e9 \u00ab\u00a0un \u00e9tat de d\u00e9shydratation\u00a0\u00bb. \u00ab\u00a0Elle a re\u00e7u une <strong>quantit\u00e9 insuffisante d&rsquo;eau et de nourriture<\/strong>\u00ab\u00a0, \u00e9crit-il dans ce message, \u00e9galement consult\u00e9 par le m\u00e9dia britannique.<\/p>\n<p class=\"article-p mdl\">Greta Thunberg a expliqu\u00e9 \u00e0 l&rsquo;ambassadeur avoir d\u00e9velopp\u00e9 des \u00e9ruptions cutan\u00e9es, qu&rsquo;elle soup\u00e7onne d&rsquo;avoir \u00e9t\u00e9 caus\u00e9es par des punaises de lit. \u00ab\u00a0Elle a \u00e9voqu\u00e9 <strong>un traitement dur et le fait d&rsquo;avoir d\u00fb rester assise pendant de longues p\u00e9riodes sur des surfaces dures<\/strong>\u00ab\u00a0, explique-t-il \u00e9galement. L&rsquo;activiste aurait \u00e9galement \u00e9t\u00e9 <strong>prise en photo par les forces isra\u00e9liennes avec des drapeaux<\/strong>, dont la nature n&rsquo;a pas \u00e9t\u00e9 d\u00e9voil\u00e9e.<\/p>\n<p>            Les premi\u00e8res expulsions ont commenc\u00e9<\/p>\n<p class=\"article-p mdl\">Le minist\u00e8re isra\u00e9lien des Affaires \u00e9trang\u00e8res a confirm\u00e9, ce samedi 4 octobre, <strong>l&rsquo;expulsion de 137 autres militants pro-palestiniens de la\u00a0flottille<\/strong>\u00a0pour Gaza, vers la Turquie apr\u00e8s l&rsquo;interception de dizaines de bateaux mercredi.\u00a0\u00ab\u00a0Isra\u00ebl cherche \u00e0 acc\u00e9l\u00e9rer l&rsquo;expulsion de tous les provocateurs\u00a0\u00bb, assure\u00a0le minist\u00e8re isra\u00e9lien dans un communiqu\u00e9,\u00a0pr\u00e9cisant que \u00ab\u00a0certains d&rsquo;entre eux entravent d\u00e9lib\u00e9r\u00e9ment le processus l\u00e9gal d&rsquo;expulsion.\u00a0\u00bb<\/p>\n<p class=\"article-p mdl\">Le minist\u00e8re a indiqu\u00e9 que les personnes expuls\u00e9es samedi \u00e9taient des citoyens des \u00c9tats-Unis, d&rsquo;Italie, du Royaume-Uni, de Suisse, de Jordanie et de plusieurs autres pays.\u00a0Vendredi, <strong>Isra\u00ebl avait d\u00e9j\u00e0 expuls\u00e9 quatre militants italiens.<\/strong><\/p>\n<p class=\"article-p mdl\">Selon les avocats de l\u2019ONG\u00a0Adalah, les<strong> droits des membres d\u2019\u00e9quipage ont \u00e9t\u00e9 \u00ab\u00a0syst\u00e9matiquement viol\u00e9s\u00a0\u00bb<\/strong>, les militants s\u2019\u00e9tant vu refuser l\u2019acc\u00e8s \u00e0 l\u2019eau, aux sanitaires, aux m\u00e9dicaments et \u00e0 leurs repr\u00e9sentants l\u00e9gaux, \u00ab\u00a0en <strong>violation flagrante de leurs droits fondamentaux \u00e0 une proc\u00e9dure r\u00e9guli\u00e8re<\/strong>, \u00e0 un proc\u00e8s \u00e9quitable et \u00e0 une repr\u00e9sentation juridique\u00a0\u00bb.<br \/>Vendredi, les avocats de 35 Fran\u00e7ais qui avaient embarqu\u00e9 \u00e0 bord de la\u00a0flottille\u00a0ont <strong>annonc\u00e9 vouloir porter plainte pour \u00ab\u00a0d\u00e9tention arbitraire\u00a0\u00bb<\/strong> et d\u00e9nonc\u00e9 l&rsquo;inaction des autorit\u00e9s fran\u00e7aises.\u00a0\u00ab\u00a0Nous sommes sans aucune nouvelle, ni aucun lien avec ces 35 ressortissants\u00a0\u00bb fran\u00e7ais, qui avaient donn\u00e9 mandat \u00e0 des avocats de les repr\u00e9senter, a d\u00e9clar\u00e9 lors d&rsquo;une conf\u00e9rence de presse Me Anouck Michelin, qui les d\u00e9fend avec Me Rapha\u00ebl Kempf, Me Romain Ruiz, et Me Chirinne Ardakani.<\/p>\n<p class=\"article-p mdl\">Selon Me Ardakani, les membres de la\u00a0flottille\u00a0\u00ab\u00a0avaient<strong> un objectif parfaitement licite, l\u00e9gal et pacifique<\/strong> d&rsquo;acheminer des vivres et m\u00e9dicaments \u00e0 la population gazaouie dans un contexte g\u00e9nocidaire\u00a0\u00bb.\u00a0<\/p>\n<p>    La r\u00e9daction vous recommande<\/p>\n<p class=\"s-newsletter__title\">\n                L\u2019actualit\u00e9 par la r\u00e9daction de RTL dans votre bo\u00eete mail.\n            <\/p>\n<p class=\"s-newsletter__subtitle\">\n                Gr\u00e2ce \u00e0 votre compte RTL abonnez-vous \u00e0 la newsletter RTL info pour suivre toute l&rsquo;actualit\u00e9 au quotidien\n            <\/p>\n<p>\n                                    Lire la suite\n                                <\/p>\n","protected":false},"excerpt":{"rendered":"Les militants de la\u00a0Global Sumud Flotilla\u00a0captur\u00e9s par Isra\u00ebl d\u00e9clarent \u00eatre\u00a0d\u00e9tenus dans des conditions inhumaines. Au total, les 437&hellip;\n","protected":false},"author":2,"featured_media":439380,"comment_status":"","ping_status":"","sticky":false,"template":"","format":"standard","meta":{"footnotes":""},"categories":[5],"tags":[11,3259,107,1011,27,665,9267,26418,10264,14,664,12,34950,28],"class_list":{"0":"post-439379","1":"post","2":"type-post","3":"status-publish","4":"format-standard","5":"has-post-thumbnail","7":"category-international","8":"tag-actualites","9":"tag-conflit-israelo-palestinien","10":"tag-fil-info","11":"tag-fr","12":"tag-france","13":"tag-gaza","14":"tag-genocide","15":"tag-greta-thunberg","16":"tag-humanitaire","17":"tag-international","18":"tag-israel","19":"tag-news","20":"tag-offensive-a-gaza","21":"tag-world"},"share_on_mastodon":{"url":"https:\/\/pubeurope.com\/@fr\/115317882491269082","error":""},"_links":{"self":[{"href":"https:\/\/www.europesays.com\/fr\/wp-json\/wp\/v2\/posts\/439379","targetHints":{"allow":["GET"]}}],"collection":[{"href":"https:\/\/www.europesays.com\/fr\/wp-json\/wp\/v2\/posts"}],"about":[{"href":"https:\/\/www.europesays.com\/fr\/wp-json\/wp\/v2\/types\/post"}],"author":[{"embeddable":true,"href":"https:\/\/www.europesays.com\/fr\/wp-json\/wp\/v2\/users\/2"}],"replies":[{"embeddable":true,"href":"https:\/\/www.europesays.com\/fr\/wp-json\/wp\/v2\/comments?post=439379"}],"version-history":[{"count":0,"href":"https:\/\/www.europesays.com\/fr\/wp-json\/wp\/v2\/posts\/439379\/revisions"}],"wp:featuredmedia":[{"embeddable":true,"href":"https:\/\/www.europesays.com\/fr\/wp-json\/wp\/v2\/media\/439380"}],"wp:attachment":[{"href":"https:\/\/www.europesays.com\/fr\/wp-json\/wp\/v2\/media?parent=439379"}],"wp:term":[{"taxonomy":"category","embeddable":true,"href":"https:\/\/www.europesays.com\/fr\/wp-json\/wp\/v2\/categories?post=439379"},{"taxonomy":"post_tag","embeddable":true,"href":"https:\/\/www.europesays.com\/fr\/wp-json\/wp\/v2\/tags?post=439379"}],"curies":[{"name":"wp","href":"https:\/\/api.w.org\/{rel}","templated":true}]}}