{"id":439381,"date":"2025-10-04T20:53:10","date_gmt":"2025-10-04T20:53:10","guid":{"rendered":"https:\/\/www.europesays.com\/fr\/439381\/"},"modified":"2025-10-04T20:53:10","modified_gmt":"2025-10-04T20:53:10","slug":"autour-de-raphael-glucksmann-lespace-social-democrate-cherche-encore-a-conjurer-la-censure-mediapart","status":"publish","type":"post","link":"https:\/\/www.europesays.com\/fr\/439381\/","title":{"rendered":"Autour de Rapha\u00ebl Glucksmann, l\u2019espace social-d\u00e9mocrate cherche encore \u00e0 conjurer la censure &#8211; Mediapart"},"content":{"rendered":"<ol>\n<li><a href=\"https:\/\/news.google.com\/rss\/articles\/CBMi1gFBVV95cUxQS0g5cmd4M1dxcHNQbjc3V2xLb0VZODJEVmcxOWRMR2g1WVZtc2NjcUMwRzB3VnFqMEtFRmt4a19JM0tvMHhoaHljc0ZuNmJuUHBwTEE2ZkVUZHpXRTlFTl9laHdsUngzV0V4cEVEU3dBTWNxOVp2UlF5R2pGZHVodmRPVXkxVjFfcmNGamRvZE5OQUJFVWQ0b2g2S1JfX2VPcVJ6UjdYYVlsLWhydDkyeXRNTXFKUGUxajBjYUMzcDJkbXl6bDRJZ1JGaTNOcG1sS2g0QWZB?oc=5\" target=\"_blank\" rel=\"nofollow noopener\">Autour de Rapha\u00ebl Glucksmann, l\u2019espace social-d\u00e9mocrate cherche encore \u00e0 conjurer la censure<\/a>&nbsp;&nbsp;Mediapart<\/li>\n<li><a href=\"https:\/\/news.google.com\/rss\/articles\/CBMijwJBVV95cUxPZVY4dFRqeGRkVHpndGxyMU42UDM1NXFmb3ZPWW9tTFdnYWlvRUpfV3Q4R19pRFJFN2FHOU5FZWNIRVRyTENVVllEQkZDUzUxZk9wY3YtbmpmVjhwOGh0LTNhcjN1bHlpbFEwRU9GbmZERGhSNXRFay16QWlRRDlVVE1TYVVfUkNmN2szaDVBWGdxbnF0QWNmX050bzRPTDZyQ2RKYWR0c1hpcmtoS216WUFUcVk0XzZ4RGNOZDF4SGtxY2dHRjJURHUwNFd6QXZpcWlmTUNCOHdtRUMxTDNhNzNmallwbVU2WmR6MV95MU9FMDBEN0hqOUtuYkhpUXlUY0JYZGdzSTBXRTlSY2xZ?oc=5\" target=\"_blank\" rel=\"nofollow noopener\">Budget 2026. \u00ab Les Fran\u00e7ais ont des exigences de justice fiscale \u00bb, insiste Rapha\u00ebl Glucksmann<\/a>&nbsp;&nbsp;Ouest-France<\/li>\n<li><a href=\"https:\/\/news.google.com\/rss\/articles\/CBMixAFBVV95cUxQc2I3LVlzQmozbnBxMGF2ZWhFT0hBd3RJTXdpNXIzc2F3cndETS1sS19FYk9jWjNSbEctbUtlNTBUYmR6RUlwcEw3Y1VKeUFrMG5TY1hTOHItR0dGT2NBSzlFMGxMRmlTUF9xUVhCSkRxclZ2MVZvVU5KZkgwN05sOXdYRU5rYU5iREVUWVR6MWRWU0NfWHlzOEx4d245Sml1ckRXNTIxcjFvV3RxdEt5UVVULXJfamhtbGFKcjRVajAxcXN3?oc=5\" target=\"_blank\" rel=\"nofollow noopener\">Budget 2026: \u00ab\u00a0La censure est un acte grave\u00a0\u00bb, affirme Rapha\u00ebl Glucksmann<\/a>&nbsp;&nbsp;BFMTV<\/li>\n<li><a href=\"https:\/\/news.google.com\/rss\/articles\/CBMi_wFBVV95cUxOYnhhTVBqV3RPcmloS3dHLV9xY0l3UzRQbk5VMGR1d0VNcU5nZDdkSFMxV0lsMmluVUdST1MySUt5aTFPZ3B4QVVqVzg5NlZnQXZiUGVLRU5UR3V6aF9kU1MwRjhNbkZ1a2pMeVp1T2o5V2M0QmRVaENnSUxBME5YNmxpZ1FTN2ZvMlNTWURYelhyVmpXZHJTaHllOVZqSFRSZm5vcU1rR3JfaTFqZzNsdnpfcUc1WVMyaERQTjJjWVBaX3ZQQnRYWlVTS2NmaHhZYjV5QTE1N3ZIeEYxMlRTY1J3WWdVaTB0WVJ2XzhRa21CTTBnMU1KbnRPU0Q3eTg?oc=5\" target=\"_blank\" rel=\"nofollow noopener\">A La R\u00e9ole, la rentr\u00e9e politique de Rapha\u00ebl Glucksmann percut\u00e9e par les n\u00e9gociations sur le budget<\/a>&nbsp;&nbsp;Lib\u00e9ration<\/li>\n<li><a href=\"https:\/\/news.google.com\/rss\/articles\/CBMi2AFBVV95cUxPaExRaE1DekUtZTFpMlBFYUMxQzFGVEcyQnRuWkNUVlBZZVVhSXF0UzZIVlYxMTlhRm9IcFpMZDliSTk3N0VvbmpIMFp1MWplZk9kYUJuTEFZZTRpT3ZHX0dOUHIwb1RGcDFKeXJFX2kxTUpTTDJKWTRFNktPME5nZlBDMm8yek1XbVBxWmpJLTdzM0w3eEQ2cDFuek1Fbm51a1dUMTRRbHVqWnBnYldKU3gzdExkMV9DUl9GVS13YjJxWVJuT2prdXIxUGlqTVAtN1RMcC1wUUU?oc=5\" target=\"_blank\" rel=\"nofollow noopener\">Rapha\u00ebl Glucksmann \u00e0 \u00ab Sud Ouest \u00bb : \u00ab C\u2019est \u00e0 Lecornu et Macron d\u2019\u00eatre responsables \u00bb<\/a>&nbsp;&nbsp;Sud Ouest<\/li>\n<\/ol>\n","protected":false},"excerpt":{"rendered":"Autour de Rapha\u00ebl Glucksmann, l\u2019espace social-d\u00e9mocrate cherche encore \u00e0 conjurer la censure&nbsp;&nbsp;Mediapart Budget 2026. \u00ab Les Fran\u00e7ais ont&hellip;\n","protected":false},"author":2,"featured_media":439382,"comment_status":"","ping_status":"","sticky":false,"template":"","format":"standard","meta":{"footnotes":""},"categories":[4],"tags":[11,1011,27,7740,12,4289,15923,25],"class_list":{"0":"post-439381","1":"post","2":"type-post","3":"status-publish","4":"format-standard","5":"has-post-thumbnail","7":"category-france","8":"tag-actualites","9":"tag-fr","10":"tag-france","11":"tag-gauches","12":"tag-news","13":"tag-place-publique","14":"tag-raphael-glucksmann","15":"tag-republique-francaise"},"share_on_mastodon":{"url":"https:\/\/pubeurope.com\/@fr\/115317886419468728","error":""},"_links":{"self":[{"href":"https:\/\/www.europesays.com\/fr\/wp-json\/wp\/v2\/posts\/439381","targetHints":{"allow":["GET"]}}],"collection":[{"href":"https:\/\/www.europesays.com\/fr\/wp-json\/wp\/v2\/posts"}],"about":[{"href":"https:\/\/www.europesays.com\/fr\/wp-json\/wp\/v2\/types\/post"}],"author":[{"embeddable":true,"href":"https:\/\/www.europesays.com\/fr\/wp-json\/wp\/v2\/users\/2"}],"replies":[{"embeddable":true,"href":"https:\/\/www.europesays.com\/fr\/wp-json\/wp\/v2\/comments?post=439381"}],"version-history":[{"count":0,"href":"https:\/\/www.europesays.com\/fr\/wp-json\/wp\/v2\/posts\/439381\/revisions"}],"wp:featuredmedia":[{"embeddable":true,"href":"https:\/\/www.europesays.com\/fr\/wp-json\/wp\/v2\/media\/439382"}],"wp:attachment":[{"href":"https:\/\/www.europesays.com\/fr\/wp-json\/wp\/v2\/media?parent=439381"}],"wp:term":[{"taxonomy":"category","embeddable":true,"href":"https:\/\/www.europesays.com\/fr\/wp-json\/wp\/v2\/categories?post=439381"},{"taxonomy":"post_tag","embeddable":true,"href":"https:\/\/www.europesays.com\/fr\/wp-json\/wp\/v2\/tags?post=439381"}],"curies":[{"name":"wp","href":"https:\/\/api.w.org\/{rel}","templated":true}]}}