{"id":439399,"date":"2025-10-04T21:08:21","date_gmt":"2025-10-04T21:08:21","guid":{"rendered":"https:\/\/www.europesays.com\/fr\/439399\/"},"modified":"2025-10-04T21:08:21","modified_gmt":"2025-10-04T21:08:21","slug":"venus-de-toute-la-france-120-sapeurs-pompiers-mobilises-contre-la-cruelle-et-incurable-maladie-de-charcot","status":"publish","type":"post","link":"https:\/\/www.europesays.com\/fr\/439399\/","title":{"rendered":"Venus de toute la France, 120 sapeurs-pompiers mobilis\u00e9s contre la \u00ab\u00a0cruelle et incurable\u00a0\u00bb maladie de Charcot"},"content":{"rendered":"<p class=\"article__intro\">Ce samedi 4 octobre 2025, 120 sapeurs-pompiers participent au \u00ab\u00a0d\u00e9fi Max Cosson\u00a0\u00bb \u00e0 Grenoble (Is\u00e8re), en faveur de l\u2019Association pour la Recherche sur la Scl\u00e9rose Lat\u00e9rale Amyotrophique (Arsla).<\/p>\n<p>\n      La Quotidienne Soci\u00e9t\u00e9\n    <\/p>\n<p>\n      De la vie quotidienne aux grands enjeux, recevez tous les jours les sujets qui font la soci\u00e9t\u00e9 locale, comme la justice, l\u2019\u00e9ducation, la sant\u00e9 et la famille.\n    <\/p>\n<p>    France T\u00e9l\u00e9visions utilise votre adresse e-mail afin de vous envoyer la newsletter \u00ab\u00a0La Quotidienne Soci\u00e9t\u00e9\u00a0\u00bb. Vous pouvez vous d\u00e9sinscrire \u00e0 tout moment via le lien en bas de cette newsletter. <a target=\"_blank\" href=\"https:\/\/www.francetelevisions.fr\/groupe\/confidentialite\/politique-de-confidentialite\/politique-de-confidentialite-de-france-televisions-6503\" rel=\"nofollow noopener\">Notre politique de confidentialit\u00e9<\/a><\/p>\n<p>\u00ab\u00a0Emotionnellement, c\u2019est fort\u00a0\u00bb, souffle le commandant Fabien Wagner, chef de la caserne de Grenoble, en Is\u00e8re. Ce samedi 4 octobre, 120 sapeurs-pompiers venus de toute la France s\u2019affrontent \u00e0 l\u2019occasion de la 9e \u00e9dition du \u00ab\u00a0d\u00e9fi Max Cosson\u00a0\u00bb, encourag\u00e9s par de nombreux spectateurs.<\/p>\n<p>12 \u00e9quipes de 10 grimpeurs se relaient et \u00ab\u00a0chaque grimpeur doit monter 200 cordes, cela repr\u00e9sente 2 000 cordes par \u00e9quipe\u00a0\u00bb, pr\u00e9cise le soldat du feu qui compte \u00ab\u00a0donner du sens\u00a0\u00bb \u00e0 la mission du jour, celle de r\u00e9colter des fonds pour l\u2019<a href=\"https:\/\/www.arsla.org\/\" target=\"_blank\" rel=\"noopener noreferrer nofollow\" data-tooltip-url=\"https:\/\/www.arsla.org\/\">Arsla<\/a>. Cr\u00e9\u00e9e il y a 36 ans, cette association a pour but d&rsquo;accompagner les patients atteints par la Scl\u00e9rose Lat\u00e9rale Amyotrophique autrement appel\u00e9e maladie de Charcot, d\u00e9clar\u00e9e comme \u00e9tant \u00ab\u00a0la plus cruelle\u00a0\u00bb par l\u2019Organisation mondiale de la sant\u00e9 (OMS).<\/p>\n<p>\u00ab\u00a0Ce challenge est n\u00e9 il y a une dizaine d\u2019ann\u00e9es, quand la caserne a appris que mon p\u00e8re avait la maladie de Charcot\u00a0\u00bb, confie Alix Cosson, lui-m\u00eame ancien sapeur-pompier \u00e0 Grenoble.<\/p>\n<blockquote class=\"ftvi_content_quote\">\n<p class=\"ftvi_citation_quote\">C\u2019est un d\u00e9fi d\u2019endurance de corde, tr\u00e8s dur, \u00e0 l\u2019image de la maladie. <\/p>\n<\/blockquote>\n<p>Malgr\u00e9 tout, \u00ab\u00a0cela reste un moment festif, qui cr\u00e9e du lien et qui informe les gens\u00a0\u00bb, poursuit Alix Cosson, \u00ab\u00a0fier du d\u00e9veloppement de ce challenge\u00a0\u00bb.<\/p>\n<p><a data-article-figure=\"\" href=\"https:\/\/france3-regions.franceinfo.fr\/image\/STEC91XRVykfZQDr9LqAG7GmjZE\/1600x1200\/regions\/2025\/10\/04\/whatsapp-image-2025-10-04-at-15-35-12-68e1324ad7f62364142554.jpg\" data-pswp-width=\"1600\" data-pswp-height=\"1200\" target=\"_blank\" rel=\"nofollow noopener\"><\/p>\n<p>          <img width=\"600\" height=\"400\" class=\"article-image lazy\" data-src=\"https:\/\/www.europesays.com\/fr\/wp-content\/uploads\/2025\/10\/whatsapp-image-2025-10-04-at-15-35-12-68e1324ad7f62364142554.jpg\" alt=\"Le d\u00e9fi Max Cosson, \u00e0 Grenoble, le samedi 4 octobre 2025.\" fetchpriority=\"high\" as=\"image\"\/><\/p>\n<p>\n            Le d\u00e9fi Max Cosson, \u00e0 Grenoble, le samedi 4 octobre 2025.<br \/>\n                           \u2022<br \/>\n                                      \u00a9 O. Boisson \/ FTV\n                      <\/p>\n<p><\/a><\/p>\n<p>\u00ab\u00a0Nous suivons 40 \u00e0 60 malades par an\u00a0\u00bb, affirme Nicolas Chantier de l\u2019antenne is\u00e9roise de l\u2019Association pour la Recherche sur la Scl\u00e9rose Lat\u00e9rale Amyotrophique (Arsla).<\/p>\n<blockquote class=\"ftvi_content_quote\">\n<p class=\"ftvi_citation_quote\">C\u2019est une maladie tr\u00e8s cruelle, incurable. <\/p>\n<p>Nicolas Chantier, membre de l&rsquo;Arsla<\/p><\/blockquote>\n<p>\u00ab\u00a0Quand vous savez que vous avez cette maladie, vous savez que vous allez partir\u00a0\u00bb, l\u00e2che Maurice Birot, coordinateur de l\u2019association en Is\u00e8re, Dr\u00f4me et Ard\u00e8che, ayant lui-m\u00eame perdu son fils de cette maladie. En effet, l\u2019esp\u00e9rance de vie est de 3 \u00e0 5 ans \u00e0 partir du diagnostic. \u00ab\u00a0Il faut que la recherche progresse rapidement mais chaque malade est diff\u00e9rent, ce qui complique les choses\u00a0\u00bb, conclut-il. 8 000 personnes sont touch\u00e9es en France, environ 450 000 dans le monde.<\/p>\n","protected":false},"excerpt":{"rendered":"Ce samedi 4 octobre 2025, 120 sapeurs-pompiers participent au \u00ab\u00a0d\u00e9fi Max Cosson\u00a0\u00bb \u00e0 Grenoble (Is\u00e8re), en faveur de&hellip;\n","protected":false},"author":2,"featured_media":439400,"comment_status":"","ping_status":"","sticky":false,"template":"","format":"standard","meta":{"footnotes":""},"categories":[9566],"tags":[1111,11,2430,1777,674,1011,27,2731,12,25],"class_list":{"0":"post-439399","1":"post","2":"type-post","3":"status-publish","4":"format-standard","5":"has-post-thumbnail","7":"category-grenoble","8":"tag-actu","9":"tag-actualites","10":"tag-auvergne-rhone-alpes","11":"tag-eu","12":"tag-europe","13":"tag-fr","14":"tag-france","15":"tag-grenoble","16":"tag-news","17":"tag-republique-francaise"},"share_on_mastodon":{"url":"https:\/\/pubeurope.com\/@fr\/115317945419348145","error":""},"_links":{"self":[{"href":"https:\/\/www.europesays.com\/fr\/wp-json\/wp\/v2\/posts\/439399","targetHints":{"allow":["GET"]}}],"collection":[{"href":"https:\/\/www.europesays.com\/fr\/wp-json\/wp\/v2\/posts"}],"about":[{"href":"https:\/\/www.europesays.com\/fr\/wp-json\/wp\/v2\/types\/post"}],"author":[{"embeddable":true,"href":"https:\/\/www.europesays.com\/fr\/wp-json\/wp\/v2\/users\/2"}],"replies":[{"embeddable":true,"href":"https:\/\/www.europesays.com\/fr\/wp-json\/wp\/v2\/comments?post=439399"}],"version-history":[{"count":0,"href":"https:\/\/www.europesays.com\/fr\/wp-json\/wp\/v2\/posts\/439399\/revisions"}],"wp:featuredmedia":[{"embeddable":true,"href":"https:\/\/www.europesays.com\/fr\/wp-json\/wp\/v2\/media\/439400"}],"wp:attachment":[{"href":"https:\/\/www.europesays.com\/fr\/wp-json\/wp\/v2\/media?parent=439399"}],"wp:term":[{"taxonomy":"category","embeddable":true,"href":"https:\/\/www.europesays.com\/fr\/wp-json\/wp\/v2\/categories?post=439399"},{"taxonomy":"post_tag","embeddable":true,"href":"https:\/\/www.europesays.com\/fr\/wp-json\/wp\/v2\/tags?post=439399"}],"curies":[{"name":"wp","href":"https:\/\/api.w.org\/{rel}","templated":true}]}}