{"id":439405,"date":"2025-10-04T21:11:21","date_gmt":"2025-10-04T21:11:21","guid":{"rendered":"https:\/\/www.europesays.com\/fr\/439405\/"},"modified":"2025-10-04T21:11:21","modified_gmt":"2025-10-04T21:11:21","slug":"campagne-seniors-inflammable-traite-vegetalien-femmes-dans-la-rue","status":"publish","type":"post","link":"https:\/\/www.europesays.com\/fr\/439405\/","title":{"rendered":"campagne seniors inflammable, trait\u00e9 v\u00e9g\u00e9talien, femmes dans la rue"},"content":{"rendered":"<p>La semaine a \u00e9t\u00e9 politiquement charg\u00e9e. La faute au conseil municipal (un peu) et \u00e0 une affaire locale dont la \u201cfachosph\u00e8re\u201d s\u2019est empar\u00e9e (beaucoup). La pol\u00e9mique prenant une vilaine tournure, elle a rebondi localement. Un classique certes. Mais un classique dont on se passerait.<\/p>\n<p>D\u00e9briefons tout \u00e7a dans le peu de joie et de bonne humeur que ces sujets nous laissent.<\/p>\n<p>  L\u2019histoire de la semaine<\/p>\n<p>C\u2019est donc cette campagne de la Ville, cens\u00e9e valoriser les a\u00een\u00e9s, qui <a href=\"https:\/\/www.dna.fr\/insolite\/2025\/09\/29\/une-affiche-avec-une-strasbourgeoise-voilee-declenche-la-polemique\" target=\"_blank\" rel=\"noopener\">est devenue un sujet inflammable le week-end dernier<\/a>. En cause, une affiche montrant Nacera, 66 ans, souriante\u2026 et portant un hijab jaune. Si sept autres seniors figurent aussi dans la campagne \u201cStrasbourg \u2013 La douceur de ville\u201d, seule son image a d\u00e9clench\u00e9 une temp\u00eate. L\u2019extr\u00eame droite, relay\u00e9e par les m\u00e9dias du groupe Bollor\u00e9, a d\u00e9nonc\u00e9 une \u00ab\u00a0propagande islamiste\u00a0\u00bb. Des collectifs f\u00e9ministes universalistes ont suivi, fustigeant la \u00ab\u00a0banalisation du voile\u00a0\u00bb.<\/p>\n<p>Le d\u00e9bat a vite gagn\u00e9 la sc\u00e8ne locale. L\u2019\u00e9lue socialiste Pernelle Richardot a tanc\u00e9 le \u00ab\u00a0pros\u00e9lytisme\u00a0\u00bb de la municipalit\u00e9 \u00e9cologiste de <a href=\"https:\/\/www.dna.fr\/p\/jeanne-barseghian\" target=\"_blank\" rel=\"noopener\">Jeanne Barseghian<\/a>, mettant en parall\u00e8le voile, croix ou kippa. La majorit\u00e9 municipale r\u00e9plique\u00a0: pas de choix politique dans la s\u00e9lection, seulement des habitants investis dans la vie associative ou publique. \u00ab\u00a0Faut-il qu\u2019une Strasbourgeoise soit exclue de l\u2019espace public parce qu\u2019elle porte un voile\u00a0?\u00a0\u00bb, s\u2019interroge le premier adjoint Syamak Agha Babaei. Pour Nadia Zourgui, adjointe \u00e0 la tranquillit\u00e9 publique, l\u2019indignation est hypocrite\u00a0: \u00ab\u00a0Ces femmes ont gard\u00e9 nos enfants et soign\u00e9 nos a\u00een\u00e9s sans que personne ne s\u2019en offusque.\u00a0\u00bb<\/p>\n<p>\u00c0 l\u2019arriv\u00e9e tout le monde a bien creus\u00e9 les foss\u00e9s qui nous s\u00e9parent au nom de la R\u00e9publique. Parfait.<\/p>\n<p>  La citation de la semaine<\/p>\n<p>\u00ab\u00a0On est un maillon essentiel de la souverainet\u00e9 \u00e9nerg\u00e9tique.\u00a0\u00bb<\/p>\n<p>St\u00e9phane Simon, directeur du site Wagram Terminal \u00e0 Reichstett, <a href=\"https:\/\/www.dna.fr\/economie\/2025\/09\/30\/recours-pour-le-stockage-du-gnl-l-entreprise-wagram-s-exprime\" target=\"_blank\" rel=\"noopener\">d\u00e9fend le projet de stockage de GNL<\/a> , objet d\u2019un recours de la commune. Class\u00e9 Seveso, le site se pr\u00e9sente comme \u00ab\u00a0la station-service du Grand Est\u00a0\u00bb, garantissant la continuit\u00e9 des approvisionnements. \u00ab\u00a0Avec le GNL, on accompagne la transition \u00e9nerg\u00e9tique\u00a0\u00bb, insiste-t-il, promettant s\u00e9curit\u00e9\u00a0et stabilit\u00e9, voire diminution du trafic poids lourds. \u00c0 l\u2019origine d\u2019un deuxi\u00e8me recours, contentieux cette fois, le maire Georges Schuler et <a href=\"https:\/\/www.dna.fr\/actualite\/2025\/09\/30\/risques-et-nuisances-la-commune-introduit-un-deuxieme-recours\" target=\"_blank\" rel=\"noopener\">les assos locales n\u2019ont pas l\u2019air convaincues.<\/a><\/p>\n<p>  Le reste de l\u2019actualit\u00e9<\/p>\n<p>\u00c0 Strasbourg, quarante rues et espaces publics <a href=\"https:\/\/www.dna.fr\/politique\/2025\/09\/30\/diebolt-siffert-ou-agatha-christie-les-femmes-dans-la-rue\" target=\"_blank\" rel=\"noopener\">porteront d\u00e9sormais des noms f\u00e9minins<\/a>. Le conseil municipal a adopt\u00e9 ce lundi 29\u00a0septembre \u00e0 l\u2019unanimit\u00e9 les propositions de la commission d\u00e9di\u00e9e, pilot\u00e9e par Anne Mistler, adjointe \u00e0 la Culture. De l\u2019astronome am\u00e9ricaine Henrietta Leavitt \u00e0 la chanteuse \u00e9gyptienne Oum Kalthoum, en passant par Rosa Luxemburg ou Toni Morrison, ce mill\u00e9sime 2025 ancre dans la ville des parcours de femmes longtemps oubli\u00e9es.<\/p>\n<p>Pr\u00e8s de 200 lieux honorent d\u00e9sormais une personnalit\u00e9 f\u00e9minine \u00e0 Strasbourg, soit 20\u00a0% du total, contre 16\u00a0% en 2021. \u00ab\u00a0Ces figures t\u00e9moignent d\u2019une m\u00eame exigence\u00a0: b\u00e2tir une soci\u00e9t\u00e9 plus juste\u00a0\u00bb, souligne l\u2019adjointe \u00e0 l\u2019\u00e9ducation H\u00fclliya Turan. L\u2019\u00e9pici\u00e8re de la Coop\u00e9, Berthe Diebolt-Siffert, une des trois premi\u00e8res femmes \u00e0 avoir si\u00e9g\u00e9 au conseil municipal de Strasbourg en 1945 ou encore la portraitiste de Marie-Antoinette, \u00c9lisabeth Vig\u00e9e Le Brun, rejoignent notre toponymie urbaine, qui est \u00e0 la fois une r\u00e9alit\u00e9 concr\u00e8te et un horizon des possibles. L\u2019espace public se f\u00e9minise, lentement mais s\u00fbrement.<\/p>\n<p>  Le chiffre de la semaine<\/p>\n<p>1\u00a0634 signatures pour moins de viande, plus de v\u00e9g\u00e9tal.<\/p>\n<p>Un steak (de soja) dans l\u2019ar\u00e8ne politique. Port\u00e9e par 1\u00a0634 signataires, la p\u00e9tition de l\u2019association Plant Based Treaty <a href=\"https:\/\/www.dna.fr\/elections\/2025\/09\/29\/52-points-a-examiner-entre-elections-a-venir-et-tensions-exacerbees\" target=\"_blank\" rel=\"noopener\">a atterri en s\u00e9ance pl\u00e9ni\u00e8re du conseil municipal<\/a>. Objectif du texte pr\u00e9sent\u00e9 aux \u00e9lus et d\u00e9fendu ce lundi par Lucie Dubois, universitaire et Gaspard Pr\u00e9vot, m\u00e9decin\u00a0: r\u00e9duire la part carn\u00e9e dans les cantines strasbourgeoises. Et inciter la Ville \u00e0 signer un \u00ab\u00a0trait\u00e9 v\u00e9g\u00e9talien\u00a0\u00bb pour donner l\u2019exemple au niveau national.<\/p>\n<p>Les \u00e9lus ont d\u00e9battu\u00a0: \u00ab\u00a0Nous voulons moins de viande, mais de meilleure qualit\u00e9.\u00a0Pas d\u2019\u00e9levage du tout nous para\u00eet probl\u00e9matique, car il n\u2019y a pas d\u2019agriculture possible aujourd\u2019hui sans lisier, sans fumier et sans p\u00e2turage\u00a0\u00bb, plaide Antoine Neumann, conseiller d\u00e9l\u00e9gu\u00e9 \u00e0 l\u2019alimentation. La droite locale craint, elle, pour les bouchers et \u00e9leveurs. \u00c0 l\u2019arriv\u00e9e on sent la majorit\u00e9 \u00e9cologiste sensible aux arguments mais encore h\u00e9sitante \u00e0 s\u2019engager concr\u00e8tement. La maire annonce qu\u2019une motion sera pr\u00e9sent\u00e9e au conseil en novembre. De quoi nourrir le d\u00e9bat\u2026 et les regrets des signataires\u00a0?<\/p>\n<p>  Le reportage de la semaine<\/p>\n<p>Neuf mois apr\u00e8s la mort de Rayane, un adolescent tu\u00e9 par un chauffard dans la nuit du Nouvel An 2025, Genevi\u00e8ve Lecointre est retourn\u00e9e voir les habitants de la rue de la Lauch, dans la Cit\u00e9 de l\u2019Ill \u00e0 Strasbourg. Ils d\u00e9plorent toujours les m\u00eames rod\u00e9os urbains. Ils r\u00e9clament encore des ralentisseurs. L\u2019impuissance des pouvoirs publics et la persistance des nuisances ajoutant aux douleurs de la famille.\ufeff<\/p>\n","protected":false},"excerpt":{"rendered":"La semaine a \u00e9t\u00e9 politiquement charg\u00e9e. La faute au conseil municipal (un peu) et \u00e0 une affaire locale&hellip;\n","protected":false},"author":2,"featured_media":439406,"comment_status":"","ping_status":"","sticky":false,"template":"","format":"standard","meta":{"footnotes":""},"categories":[2820],"tags":[1111,11,1984,33,2880,893,436,1777,674,274,107,1011,27,775,3539,12,316,25,104,640,2879],"class_list":{"0":"post-439405","1":"post","2":"type-post","3":"status-publish","4":"format-standard","5":"has-post-thumbnail","7":"category-strasbourg","8":"tag-actu","9":"tag-actualites","10":"tag-conseil-municipal","11":"tag-economie","12":"tag-edition-strasbourg","13":"tag-energie","14":"tag-environnement","15":"tag-eu","16":"tag-europe","17":"tag-faits-divers-justice","18":"tag-fil-info","19":"tag-fr","20":"tag-france","21":"tag-grand-est","22":"tag-les-ecologistes","23":"tag-news","24":"tag-politique","25":"tag-republique-francaise","26":"tag-societe","27":"tag-strasbourg","28":"tag-strasbourg-ville"},"share_on_mastodon":{"url":"https:\/\/pubeurope.com\/@fr\/115317957149982922","error":""},"_links":{"self":[{"href":"https:\/\/www.europesays.com\/fr\/wp-json\/wp\/v2\/posts\/439405","targetHints":{"allow":["GET"]}}],"collection":[{"href":"https:\/\/www.europesays.com\/fr\/wp-json\/wp\/v2\/posts"}],"about":[{"href":"https:\/\/www.europesays.com\/fr\/wp-json\/wp\/v2\/types\/post"}],"author":[{"embeddable":true,"href":"https:\/\/www.europesays.com\/fr\/wp-json\/wp\/v2\/users\/2"}],"replies":[{"embeddable":true,"href":"https:\/\/www.europesays.com\/fr\/wp-json\/wp\/v2\/comments?post=439405"}],"version-history":[{"count":0,"href":"https:\/\/www.europesays.com\/fr\/wp-json\/wp\/v2\/posts\/439405\/revisions"}],"wp:featuredmedia":[{"embeddable":true,"href":"https:\/\/www.europesays.com\/fr\/wp-json\/wp\/v2\/media\/439406"}],"wp:attachment":[{"href":"https:\/\/www.europesays.com\/fr\/wp-json\/wp\/v2\/media?parent=439405"}],"wp:term":[{"taxonomy":"category","embeddable":true,"href":"https:\/\/www.europesays.com\/fr\/wp-json\/wp\/v2\/categories?post=439405"},{"taxonomy":"post_tag","embeddable":true,"href":"https:\/\/www.europesays.com\/fr\/wp-json\/wp\/v2\/tags?post=439405"}],"curies":[{"name":"wp","href":"https:\/\/api.w.org\/{rel}","templated":true}]}}