{"id":439413,"date":"2025-10-04T21:16:12","date_gmt":"2025-10-04T21:16:12","guid":{"rendered":"https:\/\/www.europesays.com\/fr\/439413\/"},"modified":"2025-10-04T21:16:12","modified_gmt":"2025-10-04T21:16:12","slug":"face-a-nantes-le-stade-brestois-contraint-au-bricolage-et-pas-vraiment-paye","status":"publish","type":"post","link":"https:\/\/www.europesays.com\/fr\/439413\/","title":{"rendered":"Face \u00e0 Nantes, le Stade Brestois contraint au bricolage et pas vraiment pay\u00e9"},"content":{"rendered":"<p>Ligue 1 (7e journ\u00e9e). Stade Brestois &#8211; FC Nantes : 0-0<\/p>\n<p class=\"empty\">En regardant le verre \u00e0 moiti\u00e9 plein, le Stade Brestois vient d\u2019engranger un septi\u00e8me point en trois rencontres, atteignant au passage l\u2019objectif que le vestiaire et le staff s\u2019\u00e9taient fix\u00e9 sur la p\u00e9riode, et encha\u00een\u00e9 un deuxi\u00e8me \u00ab clean sheet \u00bb, apr\u00e8s les 10 buts encaiss\u00e9s lors des quatre premi\u00e8res journ\u00e9es. De r\u00e9els motifs de satisfaction qui, en l\u2019\u00e9tat, s\u2019arr\u00eatent l\u00e0, tant les Ty Zefs accumulent les p\u00e9pins.<\/p>\n<p>Limites du moment<\/p>\n<p>Priv\u00e9s de nombreux \u00e9l\u00e9ments offensifs, \u00e0 commencer par Del Castillo, leur homme en forme du moment (trois buts et deux passes d\u00e9cisives en trois matchs) dont la \u00ab g\u00eane musculaire \u00bb est venue affaiblir un secteur d\u00e9j\u00e0 priv\u00e9 de Labeau Lascary et de Bald\u00e9, les hommes d\u2019Eric Roy ont \u00e9t\u00e9 contraints de s\u2019adapter. En alignant d\u2019entr\u00e9e un Dina Ebimbe \u00e0 court de forme, au poste d\u2019ailier droit, o\u00f9 le joueur pr\u00eat\u00e9 par l\u2019Eintracht Francfort n\u2019a quasiment aucun rep\u00e8re, le SB29 affichait, d\u00e8s le coup d\u2019envoi, ses limites du moment. Un sentiment renforc\u00e9 par les pr\u00e9sences des jeunes Le Guen, Kant\u00e9 et Diop sur la feuille de match, et plus manifeste encore \u00e0 l\u2019heure de jeu, quand le milieu Hamidou Makalou et le lat\u00e9ral Daouda Guindo sont rentr\u00e9s sur les ailes, tout sauf leurs postes de pr\u00e9dilection.<\/p>\n<p>\u00c0 l\u2019issue de la rencontre, Roy ne pouvait d\u2019ailleurs que le d\u00e9plorer : \u00ab On a fait jouer des \u00e9l\u00e9ments qui n\u2019\u00e9taient pas pr\u00e9vus au d\u00e9part, comme Junior Dina Ebimbe, qui n\u2019est pas encore \u00e0 100 % physiquement. Mais il a palli\u00e9 la blessure de Romain Del Castillo. En raison de celle de R\u00e9my Labeau-Lascary, on a fait confiance \u00e0 Path\u00e9 (Mboup). Et surtout, on avait presque plus de munitions sur le banc pour pouvoir faire entrer des attaquants. Ceux qu\u2019on a d\u2019ailleurs fait rentrer \u00e9taient un lat\u00e9ral gauche (Guindo) et un milieu de terrain (Makalou) \u00bb.<\/p>\n<p>Brest gagne aux points \u00ab mais le foot, ce n\u2019est pas de la boxe\u2026 \u00bb<\/p>\n<p>Pour autant, et c\u2019est \u00e0 souligner, les Brestois auraient m\u00e9rit\u00e9 largement mieux. Face \u00e0 des Canaris incapables de se procurer la moindre occasion (0 tir cadr\u00e9), ils ont confirm\u00e9 leurs progr\u00e8s sur le plan d\u00e9fensif, au moment m\u00eame o\u00f9 Souma\u00efla Coulibaly est venu renforcer l\u2019effectif (lire par ailleurs). Ils se sont aussi procur\u00e9 les occasions les plus franches, dont quatre qui auraient pu faire la diff\u00e9rence. Mais Ajorque, par deux fois (19&prime; et 89&prime;), Dina Ebimbe (37&prime;) et Mboup (57&prime;) ont, \u00e0 chaque fois, but\u00e9 sur un tr\u00e8s bon Anthony Lopes. \u00ab Il a fait un grand match, et on n\u2019a rien pu faire de plus ce soir \u00bb, ne pouvait d\u2019ailleurs que constater un Bradley Locko proche d\u2019un retour \u00e0 son meilleur niveau, samedi. \u00ab On est tomb\u00e9 sur un tr\u00e8s bon gardien mais encore une fois, on doit \u00eatre plus efficace \u00bb, abondait Kenny Lala, conc\u00e9dant qu\u2019il \u00ab y a un peu de frustration, on ne va pas se mentir. C\u2019\u00e9tait le moment de capitaliser, mais c\u2019est comme \u00e7a. On reste sur trois matchs o\u00f9 on a montr\u00e9 un tr\u00e8s beau visage. Il va falloir continuer comme \u00e7a \u00bb.<\/p>\n<p>Son entra\u00eeneur ne pouvait qu\u2019en convenir. \u00ab Par rapport \u00e0 ce qu\u2019on a produit, on aurait m\u00e9rit\u00e9 mieux. D\u00e9fensivement, on n\u2019a pratiquement rien laiss\u00e9 \u00e0 l\u2019adversaire et devant, on s\u2019est cr\u00e9\u00e9 pas mal de situations. Les expected goals (buts attendus) sont largement en notre faveur. (1,66 contre 0,18). On a centr\u00e9, on a frapp\u00e9\u2026 Aux points, on aurait gagn\u00e9 ce match. Mais le foot, ce n\u2019est pas de la boxe, il faut faire trembler les filets. C\u2019est la seule chose qu\u2019on peut se reprocher \u00bb.<\/p>\n","protected":false},"excerpt":{"rendered":"Ligue 1 (7e journ\u00e9e). Stade Brestois &#8211; FC Nantes : 0-0 En regardant le verre \u00e0 moiti\u00e9 plein,&hellip;\n","protected":false},"author":2,"featured_media":439414,"comment_status":"","ping_status":"","sticky":false,"template":"","format":"standard","meta":{"footnotes":""},"categories":[2818],"tags":[1111,11,3450,1777,674,63,1011,27,66,766,12,2636,25,60,4449],"class_list":{"0":"post-439413","1":"post","2":"type-post","3":"status-publish","4":"format-standard","5":"has-post-thumbnail","7":"category-nantes","8":"tag-actu","9":"tag-actualites","10":"tag-brest","11":"tag-eu","12":"tag-europe","13":"tag-football","14":"tag-fr","15":"tag-france","16":"tag-ligue-1","17":"tag-nantes","18":"tag-news","19":"tag-pays-de-la-loire","20":"tag-republique-francaise","21":"tag-sports","22":"tag-stade-brestois"},"share_on_mastodon":{"url":"https:\/\/pubeurope.com\/@fr\/115317976883273031","error":""},"_links":{"self":[{"href":"https:\/\/www.europesays.com\/fr\/wp-json\/wp\/v2\/posts\/439413","targetHints":{"allow":["GET"]}}],"collection":[{"href":"https:\/\/www.europesays.com\/fr\/wp-json\/wp\/v2\/posts"}],"about":[{"href":"https:\/\/www.europesays.com\/fr\/wp-json\/wp\/v2\/types\/post"}],"author":[{"embeddable":true,"href":"https:\/\/www.europesays.com\/fr\/wp-json\/wp\/v2\/users\/2"}],"replies":[{"embeddable":true,"href":"https:\/\/www.europesays.com\/fr\/wp-json\/wp\/v2\/comments?post=439413"}],"version-history":[{"count":0,"href":"https:\/\/www.europesays.com\/fr\/wp-json\/wp\/v2\/posts\/439413\/revisions"}],"wp:featuredmedia":[{"embeddable":true,"href":"https:\/\/www.europesays.com\/fr\/wp-json\/wp\/v2\/media\/439414"}],"wp:attachment":[{"href":"https:\/\/www.europesays.com\/fr\/wp-json\/wp\/v2\/media?parent=439413"}],"wp:term":[{"taxonomy":"category","embeddable":true,"href":"https:\/\/www.europesays.com\/fr\/wp-json\/wp\/v2\/categories?post=439413"},{"taxonomy":"post_tag","embeddable":true,"href":"https:\/\/www.europesays.com\/fr\/wp-json\/wp\/v2\/tags?post=439413"}],"curies":[{"name":"wp","href":"https:\/\/api.w.org\/{rel}","templated":true}]}}