{"id":439415,"date":"2025-10-04T21:17:17","date_gmt":"2025-10-04T21:17:17","guid":{"rendered":"https:\/\/www.europesays.com\/fr\/439415\/"},"modified":"2025-10-04T21:17:17","modified_gmt":"2025-10-04T21:17:17","slug":"le-surfpark-de-canejan-dans-le-creux-de-la-vague","status":"publish","type":"post","link":"https:\/\/www.europesays.com\/fr\/439415\/","title":{"rendered":"Le surfpark de Can\u00e9jan dans le creux de la vague ?"},"content":{"rendered":"<p class=\"wp-block-post-excerpt__excerpt\">Le\u00a0Can\u00e9jan Surf Club organise une r\u00e9union publique le 8 octobre pour pr\u00e9senter le projet et mettre en lumi\u00e8re \u00ab\u00a0l\u2019ambition sociale, environnementale et \u00e9conomique qui guide\u00a0\u00bb son projet de surfpark. Apr\u00e8s des mois de pol\u00e9mique et de man\u0153uvres en coulisses sur les documents d\u2019urbanisme, les travaux sont toujours \u00e0 l\u2019arr\u00eat dans l\u2019attente de la d\u00e9cision du Tribunal administratif sur le recours contre le permis de construire, d\u00e9pos\u00e9 par les opposants au projet. <\/p>\n","protected":false},"excerpt":{"rendered":"Le\u00a0Can\u00e9jan Surf Club organise une r\u00e9union publique le 8 octobre pour pr\u00e9senter le projet et mettre en lumi\u00e8re&hellip;\n","protected":false},"author":2,"featured_media":439416,"comment_status":"","ping_status":"","sticky":false,"template":"","format":"standard","meta":{"footnotes":""},"categories":[2817],"tags":[1111,11,1997,56639,1777,674,1011,27,12,2219,25,56640,30372,56641],"class_list":{"0":"post-439415","1":"post","2":"type-post","3":"status-publish","4":"format-standard","5":"has-post-thumbnail","7":"category-bordeaux","8":"tag-actu","9":"tag-actualites","10":"tag-bordeaux","11":"tag-canejan","12":"tag-eu","13":"tag-europe","14":"tag-fr","15":"tag-france","16":"tag-news","17":"tag-nouvelle-aquitaine","18":"tag-republique-francaise","19":"tag-sepanso","20":"tag-surf","21":"tag-surf-park"},"share_on_mastodon":{"url":"https:\/\/pubeurope.com\/@fr\/115317980853114739","error":""},"_links":{"self":[{"href":"https:\/\/www.europesays.com\/fr\/wp-json\/wp\/v2\/posts\/439415","targetHints":{"allow":["GET"]}}],"collection":[{"href":"https:\/\/www.europesays.com\/fr\/wp-json\/wp\/v2\/posts"}],"about":[{"href":"https:\/\/www.europesays.com\/fr\/wp-json\/wp\/v2\/types\/post"}],"author":[{"embeddable":true,"href":"https:\/\/www.europesays.com\/fr\/wp-json\/wp\/v2\/users\/2"}],"replies":[{"embeddable":true,"href":"https:\/\/www.europesays.com\/fr\/wp-json\/wp\/v2\/comments?post=439415"}],"version-history":[{"count":0,"href":"https:\/\/www.europesays.com\/fr\/wp-json\/wp\/v2\/posts\/439415\/revisions"}],"wp:featuredmedia":[{"embeddable":true,"href":"https:\/\/www.europesays.com\/fr\/wp-json\/wp\/v2\/media\/439416"}],"wp:attachment":[{"href":"https:\/\/www.europesays.com\/fr\/wp-json\/wp\/v2\/media?parent=439415"}],"wp:term":[{"taxonomy":"category","embeddable":true,"href":"https:\/\/www.europesays.com\/fr\/wp-json\/wp\/v2\/categories?post=439415"},{"taxonomy":"post_tag","embeddable":true,"href":"https:\/\/www.europesays.com\/fr\/wp-json\/wp\/v2\/tags?post=439415"}],"curies":[{"name":"wp","href":"https:\/\/api.w.org\/{rel}","templated":true}]}}