{"id":439417,"date":"2025-10-04T21:18:29","date_gmt":"2025-10-04T21:18:29","guid":{"rendered":"https:\/\/www.europesays.com\/fr\/439417\/"},"modified":"2025-10-04T21:18:29","modified_gmt":"2025-10-04T21:18:29","slug":"n2-tous-les-resultats-et-le-classement-des-girondins","status":"publish","type":"post","link":"https:\/\/www.europesays.com\/fr\/439417\/","title":{"rendered":"N2 : tous les r\u00e9sultats et le classement des Girondins"},"content":{"rendered":"<p><img decoding=\"async\" src=\"https:\/\/www.europesays.com\/fr\/wp-content\/uploads\/2025\/08\/671_2e65f97b36ab2a2bbab468868fd424f6.jpg\" alt=\"N2 : tous les r\u00e9sultats et le classement des Girondins\" class=\"img-responsive mt-3\"\/><\/p>\n<p class=\"text-center mb-3\" style=\"font-size: 14px\">\u00a9 Iconsport<\/p>\n<p>      <strong>Les Girondins de Bordeaux 5e du classement<\/strong><\/p>\n<p style=\"text-align: justify;\">Saint-Malo \u00e9tait oppos\u00e9 \u00e0 Saumur : le club malouin s\u2019est impos\u00e9 3 \u00e0 0. Dans le m\u00eame temps, la r\u00e9serve lorientaise a battu le Montlouis FC, tandis que les Girondins de Bordeaux se sont largement impos\u00e9s \u00e0 Poitiers (0-3).<\/p>\n<p style=\"text-align: justify;\"><strong>R\u00e9sultats :<\/strong><\/p>\n<p style=\"text-align: justify;\">Vend\u00e9e Foot Club RY <strong>1-0<\/strong> US Avranches <br \/>Chauray FC <strong>2-1<\/strong> Les Herbiers<br \/>US Saint-Malo <strong>3-0<\/strong> Olympique Saumur FC<br \/>Angoul\u00eame Charente FC <strong>2-0<\/strong> Voltigeurs Ch\u00e2teaubriant<br \/><a href=\"https:\/\/www.webgirondins.com\/live-girondins-revivez-poitiers-bordeaux-130658\" target=\"_blank\" rel=\"noopener\"><strong>Stade Poitevin FC 0-3 FC Girondins de Bordeaux<br \/><\/strong><\/a>Saint-Colomban Locmin\u00e9 <strong>1-2<\/strong> Aviron Bayonnais<br \/>FC Lorient II <strong>2-1<\/strong> FC Montlouis<br \/>US Granville <strong>0-2<\/strong> Dinan L\u00e9hon<\/p>\n<p>\u00c0 lire aussi &gt;&gt; <strong><a href=\"https:\/\/www.webgirondins.com\/actualite-girondins-girondins-le-debrief-a-chaud-de-stade-poitevin-bordeaux-en-direct-130681\" target=\"_blank\" rel=\"noopener\">Girondins : le D\u00e9brief \u00e0 Chaud de Stade Poitevin-Bordeaux <\/a><\/strong><\/p>\n<p><strong>&gt;&gt; <a href=\"https:\/\/www.webgirondins.com\/classement-girondins-national-2\" target=\"_blank\" rel=\"noopener\">Voir le classement<\/a><\/strong><\/p>\n<p>\u00a0<\/p>\n<p>Notre podcast court sur l&rsquo;actu des Girondins \u00e0 \u00e9couter :<\/p>\n<p>\u00a0<\/p>\n<p>\u00a0<\/p>\n","protected":false},"excerpt":{"rendered":"\u00a9 Iconsport Les Girondins de Bordeaux 5e du classement Saint-Malo \u00e9tait oppos\u00e9 \u00e0 Saumur : le club malouin&hellip;\n","protected":false},"author":2,"featured_media":311389,"comment_status":"","ping_status":"","sticky":false,"template":"","format":"standard","meta":{"footnotes":""},"categories":[2817],"tags":[1111,11,29176,3396,9202,1997,23392,3477,1981,3949,1444,3474,1777,674,1011,27,1987,3465,22567,3238,12,2219,1653,25,1980,3387,1264],"class_list":{"0":"post-439417","1":"post","2":"type-post","3":"status-publish","4":"format-standard","5":"has-post-thumbnail","7":"category-bordeaux","8":"tag-actu","9":"tag-actualites","10":"tag-ainsi","11":"tag-avec","12":"tag-bayonne","13":"tag-bordeaux","14":"tag-celle","15":"tag-cette","16":"tag-classement","17":"tag-complet","18":"tag-contre","19":"tag-decouvrez","20":"tag-eu","21":"tag-europe","22":"tag-fr","23":"tag-france","24":"tag-girondins","25":"tag-journee","26":"tag-locmine","27":"tag-national","28":"tag-news","29":"tag-nouvelle-aquitaine","30":"tag-poitiers","31":"tag-republique-francaise","32":"tag-resultats","33":"tag-tous","34":"tag-victoire"},"share_on_mastodon":{"url":"https:\/\/pubeurope.com\/@fr\/115317985217448248","error":""},"_links":{"self":[{"href":"https:\/\/www.europesays.com\/fr\/wp-json\/wp\/v2\/posts\/439417","targetHints":{"allow":["GET"]}}],"collection":[{"href":"https:\/\/www.europesays.com\/fr\/wp-json\/wp\/v2\/posts"}],"about":[{"href":"https:\/\/www.europesays.com\/fr\/wp-json\/wp\/v2\/types\/post"}],"author":[{"embeddable":true,"href":"https:\/\/www.europesays.com\/fr\/wp-json\/wp\/v2\/users\/2"}],"replies":[{"embeddable":true,"href":"https:\/\/www.europesays.com\/fr\/wp-json\/wp\/v2\/comments?post=439417"}],"version-history":[{"count":0,"href":"https:\/\/www.europesays.com\/fr\/wp-json\/wp\/v2\/posts\/439417\/revisions"}],"wp:featuredmedia":[{"embeddable":true,"href":"https:\/\/www.europesays.com\/fr\/wp-json\/wp\/v2\/media\/311389"}],"wp:attachment":[{"href":"https:\/\/www.europesays.com\/fr\/wp-json\/wp\/v2\/media?parent=439417"}],"wp:term":[{"taxonomy":"category","embeddable":true,"href":"https:\/\/www.europesays.com\/fr\/wp-json\/wp\/v2\/categories?post=439417"},{"taxonomy":"post_tag","embeddable":true,"href":"https:\/\/www.europesays.com\/fr\/wp-json\/wp\/v2\/tags?post=439417"}],"curies":[{"name":"wp","href":"https:\/\/api.w.org\/{rel}","templated":true}]}}