{"id":439424,"date":"2025-10-04T21:23:12","date_gmt":"2025-10-04T21:23:12","guid":{"rendered":"https:\/\/www.europesays.com\/fr\/439424\/"},"modified":"2025-10-04T21:23:12","modified_gmt":"2025-10-04T21:23:12","slug":"lionel-royer-perreaut-la-politique-de-la-chaise-vide","status":"publish","type":"post","link":"https:\/\/www.europesays.com\/fr\/439424\/","title":{"rendered":"Lionel Royer-Perreaut, la politique de la chaise vide"},"content":{"rendered":"<p>Une mani\u00e8re sans doute de laisser \u00e0 ses anciens amis le temps de dig\u00e9rer son refus de soutenir la candidature de <a href=\"https:\/\/www.laprovence.com\/article\/elections\/7743301056059914\/municipales-2026-a-marseille-valse-a-droite-au-sein-du-conseil-municipal\" target=\"_blank\" rel=\"noopener\">Martine Vassal <\/a>(qui elle n&rsquo;est rest\u00e9e dans l&rsquo;h\u00e9micycle qu&rsquo;une grosse heure).<\/p>\n<p><a href=\"https:\/\/www.laprovence.com\/article\/politique\/7294640597635914\/exclusif-municipales-2026-a-marseille-lionel-royer-perreaut-quitte-la-vie-publique-et-ne-soutiendra-pas-martine-vassal\" target=\"_blank\" rel=\"noopener\">L&rsquo;ancien d\u00e9put\u00e9 et maire des 9e-10e<\/a> aurait \u00e9galement pu participer aux d\u00e9bats sur SOS M\u00e9diterran\u00e9e. En\u00a02024, il avait fait annuler par le tribunal administratif une aide de la Ville de Marseille \u00e0 l&rsquo;ONG.<\/p>\n","protected":false},"excerpt":{"rendered":"Une mani\u00e8re sans doute de laisser \u00e0 ses anciens amis le temps de dig\u00e9rer son refus de soutenir&hellip;\n","protected":false},"author":2,"featured_media":439425,"comment_status":"","ping_status":"","sticky":false,"template":"","format":"standard","meta":{"footnotes":""},"categories":[2814],"tags":[17,1111,11,56642,2826,1777,674,1011,27,20871,884,12,316,882,25,56004,21632],"class_list":{"0":"post-439424","1":"post","2":"type-post","3":"status-publish","4":"format-standard","5":"has-post-thumbnail","7":"category-marseille","8":"tag-17","9":"tag-actu","10":"tag-actualites","11":"tag-chaise","12":"tag-confidentiels","13":"tag-eu","14":"tag-europe","15":"tag-fr","16":"tag-france","17":"tag-lionel","18":"tag-marseille","19":"tag-news","20":"tag-politique","21":"tag-provence-alpes-cote-dazur","22":"tag-republique-francaise","23":"tag-royer-perreaut","24":"tag-vide"},"share_on_mastodon":{"url":"https:\/\/pubeurope.com\/@fr\/115318004428921908","error":""},"_links":{"self":[{"href":"https:\/\/www.europesays.com\/fr\/wp-json\/wp\/v2\/posts\/439424","targetHints":{"allow":["GET"]}}],"collection":[{"href":"https:\/\/www.europesays.com\/fr\/wp-json\/wp\/v2\/posts"}],"about":[{"href":"https:\/\/www.europesays.com\/fr\/wp-json\/wp\/v2\/types\/post"}],"author":[{"embeddable":true,"href":"https:\/\/www.europesays.com\/fr\/wp-json\/wp\/v2\/users\/2"}],"replies":[{"embeddable":true,"href":"https:\/\/www.europesays.com\/fr\/wp-json\/wp\/v2\/comments?post=439424"}],"version-history":[{"count":0,"href":"https:\/\/www.europesays.com\/fr\/wp-json\/wp\/v2\/posts\/439424\/revisions"}],"wp:featuredmedia":[{"embeddable":true,"href":"https:\/\/www.europesays.com\/fr\/wp-json\/wp\/v2\/media\/439425"}],"wp:attachment":[{"href":"https:\/\/www.europesays.com\/fr\/wp-json\/wp\/v2\/media?parent=439424"}],"wp:term":[{"taxonomy":"category","embeddable":true,"href":"https:\/\/www.europesays.com\/fr\/wp-json\/wp\/v2\/categories?post=439424"},{"taxonomy":"post_tag","embeddable":true,"href":"https:\/\/www.europesays.com\/fr\/wp-json\/wp\/v2\/tags?post=439424"}],"curies":[{"name":"wp","href":"https:\/\/api.w.org\/{rel}","templated":true}]}}