{"id":439426,"date":"2025-10-04T21:24:21","date_gmt":"2025-10-04T21:24:21","guid":{"rendered":"https:\/\/www.europesays.com\/fr\/439426\/"},"modified":"2025-10-04T21:24:21","modified_gmt":"2025-10-04T21:24:21","slug":"la-france-na-pas-les-moyens-de-se-payer-une-crise-supplementaire","status":"publish","type":"post","link":"https:\/\/www.europesays.com\/fr\/439426\/","title":{"rendered":"\u00ab La France n\u2019a pas les moyens de se payer une crise suppl\u00e9mentaire\u202f\u00bb"},"content":{"rendered":"<p><strong>LA TRIBUNE DIMANCHE \u2013 Concr\u00e8tement, quelle issue voyez-vous \u00e0 la crise politique\u2009? On a le sentiment lassant d\u2019un jour sans fin\u2026<\/strong><\/p>\n<p><strong>HERV\u00c9 MARSEILLE \u2013 <\/strong>Nous avons une obligation de r\u00e9sultat. Les parlementaires, notamment de l\u2019opposition, ont suffisamment fustig\u00e9 le corset que constituent les institutions de la Ve R\u00e9publique. Ils ont la capacit\u00e9 unique de pouvoir montrer que <a href=\"https:\/\/latribune.fr\/la-tribune-dimanche\/opinions\/opinion-loi-duplomb-le-conseil-constitutionnel-defendra-t-il-les-droits-du-parlement-par-jean-jacques-urvoas-ancien-garde-des-sceaux-1030687.html\" target=\"_blank\" rel=\"noopener\">le Parlement<\/a> est responsable, qu\u2019il est majeur, et qu\u2019il peut trouver des solutions. Eh bien, chiche\u2009! On va voir ce que \u00e7a donne dans les prochains jours, soyons optimistes et pensons que l\u2019esprit de responsabilit\u00e9 pourra pr\u00e9valoir en permettant au pays de sortir de la crise par le haut.<\/p>\n<p><strong>Donc il existe encore une chance s\u00e9rieuse que S\u00e9bastien Lecornu \u00e9chappe \u00e0 la censure\u2009?<\/strong><\/p>\n<p>Quand on se bat comme il le fait apr\u00e8s <a href=\"https:\/\/latribune.fr\/la-tribune-dimanche\/politique\/francois-bayrou-a-matignon-c-est-affligeant-l-hiver-amer-de-nicolas-sarkozy-1013981.html\" target=\"_blank\" rel=\"noopener\">Fran\u00e7ois Bayrou<\/a> et Michel Barnier pour essayer de sortir le pays de l\u2019orni\u00e8re, on l\u2019esp\u00e8re. Sans cet espoir-l\u00e0, on ne fait pas ce boulot-l\u00e0.\u00a0<\/p>\n","protected":false},"excerpt":{"rendered":"LA TRIBUNE DIMANCHE \u2013 Concr\u00e8tement, quelle issue voyez-vous \u00e0 la crise politique\u2009? On a le sentiment lassant d\u2019un&hellip;\n","protected":false},"author":2,"featured_media":439427,"comment_status":"","ping_status":"","sticky":false,"template":"","format":"standard","meta":{"footnotes":""},"categories":[2814],"tags":[17,1111,11,14193,1777,674,1011,27,2705,18128,3102,884,12,4919,882,25,1004],"class_list":{"0":"post-439426","1":"post","2":"type-post","3":"status-publish","4":"format-standard","5":"has-post-thumbnail","7":"category-marseille","8":"tag-17","9":"tag-actu","10":"tag-actualites","11":"tag-centriste","12":"tag-eu","13":"tag-europe","14":"tag-fr","15":"tag-france","16":"tag-groupe","17":"tag-herve","18":"tag-la-tribune-dimanche","19":"tag-marseille","20":"tag-news","21":"tag-president","22":"tag-provence-alpes-cote-dazur","23":"tag-republique-francaise","24":"tag-senat"},"share_on_mastodon":{"url":"https:\/\/pubeurope.com\/@fr\/115318008313513423","error":""},"_links":{"self":[{"href":"https:\/\/www.europesays.com\/fr\/wp-json\/wp\/v2\/posts\/439426","targetHints":{"allow":["GET"]}}],"collection":[{"href":"https:\/\/www.europesays.com\/fr\/wp-json\/wp\/v2\/posts"}],"about":[{"href":"https:\/\/www.europesays.com\/fr\/wp-json\/wp\/v2\/types\/post"}],"author":[{"embeddable":true,"href":"https:\/\/www.europesays.com\/fr\/wp-json\/wp\/v2\/users\/2"}],"replies":[{"embeddable":true,"href":"https:\/\/www.europesays.com\/fr\/wp-json\/wp\/v2\/comments?post=439426"}],"version-history":[{"count":0,"href":"https:\/\/www.europesays.com\/fr\/wp-json\/wp\/v2\/posts\/439426\/revisions"}],"wp:featuredmedia":[{"embeddable":true,"href":"https:\/\/www.europesays.com\/fr\/wp-json\/wp\/v2\/media\/439427"}],"wp:attachment":[{"href":"https:\/\/www.europesays.com\/fr\/wp-json\/wp\/v2\/media?parent=439426"}],"wp:term":[{"taxonomy":"category","embeddable":true,"href":"https:\/\/www.europesays.com\/fr\/wp-json\/wp\/v2\/categories?post=439426"},{"taxonomy":"post_tag","embeddable":true,"href":"https:\/\/www.europesays.com\/fr\/wp-json\/wp\/v2\/tags?post=439426"}],"curies":[{"name":"wp","href":"https:\/\/api.w.org\/{rel}","templated":true}]}}